{"id":37973,"date":"2020-09-11T09:56:11","date_gmt":"2020-09-11T09:56:11","guid":{"rendered":"https:\/\/solarity.cz\/cs\/?p=18234"},"modified":"2024-05-19T21:31:34","modified_gmt":"2024-05-19T21:31:34","slug":"jaka-je-situace-v-oblasti-recyklace-solarnich-panelu-na-bazi-kremiku","status":"publish","type":"post","link":"https:\/\/solarity.eu\/cs\/blog\/jaka-je-situace-v-oblasti-recyklace-solarnich-panelu-na-bazi-kremiku\/","title":{"rendered":"Jak\u00e1 je situace v oblasti recyklace sol\u00e1rn\u00edch panel\u016f na b\u00e1zi k\u0159em\u00edku?"},"content":{"rendered":"\t\t<div data-elementor-type=\"wp-post\" data-elementor-id=\"37973\" class=\"elementor elementor-37973 elementor-21817\" data-elementor-post-type=\"post\">\n\t\t\t\t\t\t<section class=\"elementor-section elementor-top-section elementor-element elementor-element-f156468 elementor-section-boxed elementor-section-height-default elementor-section-height-default parallax_section_no qode_elementor_container_no\" data-id=\"f156468\" data-element_type=\"section\">\n\t\t\t\t\t\t<div class=\"elementor-container elementor-column-gap-default\">\n\t\t\t\t\t<div class=\"elementor-column elementor-col-100 elementor-top-column elementor-element elementor-element-50a910e\" data-id=\"50a910e\" data-element_type=\"column\">\n\t\t\t<div class=\"elementor-widget-wrap elementor-element-populated\">\n\t\t\t\t\t\t<div class=\"elementor-element elementor-element-ca037e5 elementor-widget elementor-widget-theme-post-title elementor-page-title elementor-widget-heading\" data-id=\"ca037e5\" data-element_type=\"widget\" data-widget_type=\"theme-post-title.default\">\n\t\t\t\t<div class=\"elementor-widget-container\">\n\t\t\t\t\t<h1 class=\"elementor-heading-title elementor-size-default\">Jak\u00e1 je situace v oblasti recyklace sol\u00e1rn\u00edch panel\u016f na b\u00e1zi k\u0159em\u00edku?<\/h1>\t\t\t\t<\/div>\n\t\t\t\t<\/div>\n\t\t\t\t\t<\/div>\n\t\t<\/div>\n\t\t\t\t\t<\/div>\n\t\t<\/section>\n\t\t\t\t<section class=\"elementor-section elementor-top-section elementor-element elementor-element-ca448ca elementor-section-boxed elementor-section-height-default elementor-section-height-default parallax_section_no qode_elementor_container_no\" data-id=\"ca448ca\" data-element_type=\"section\">\n\t\t\t\t\t\t<div class=\"elementor-container elementor-column-gap-default\">\n\t\t\t\t\t<div class=\"elementor-column elementor-col-50 elementor-top-column elementor-element elementor-element-ec2448e\" data-id=\"ec2448e\" data-element_type=\"column\">\n\t\t\t<div class=\"elementor-widget-wrap elementor-element-populated\">\n\t\t\t\t\t\t<div class=\"elementor-element elementor-element-6bd6dc3c elementor-widget elementor-widget-text-editor\" data-id=\"6bd6dc3c\" data-element_type=\"widget\" data-widget_type=\"text-editor.default\">\n\t\t\t\t<div class=\"elementor-widget-container\">\n\t\t\t\t\t\t\t\t\t<p>Mezin\u00e1rodn\u00ed agentura pro obnoviteln\u00e9 zdroje p\u0159edpov\u00edd\u00e1, \u017ee sv\u011bt bude do roku 2050 \u010delit a\u017e <strong>78 milion\u016fm tun\u00e1m<\/strong> odpad\u016f ze sol\u00e1rn\u00edch panel\u016f. V sou\u010dasn\u00e9 dob\u011b je 90% v\u0161ech instalovan\u00fdch sol\u00e1rn\u00edch modul\u016f na b\u00e1zi k\u0159em\u00edku. Komer\u010dn\u00ed recyklace takov\u00fdch modul\u016f v\u0161ak zat\u00edm nedos\u00e1hla sv\u00e9ho maxim\u00e1ln\u00edho potenci\u00e1lu. Organizace zab\u00fdvaj\u00edc\u00ed se FV odpady, jako je <a href=\"http:\/\/www.pvcycle.org\/\" target=\"_blank\" rel=\"noopener\">PV CYCLE<\/a> v EU nebo <a href=\"https:\/\/www.seia.org\/\" target=\"_blank\" rel=\"noopener\">Solar Energy Industries Association<\/a> v USA, dosud disponuj\u00ed jen omezen\u00fdmi kapacitami a technologiemi.<\/p>\t\t\t\t\t\t\t\t<\/div>\n\t\t\t\t<\/div>\n\t\t\t\t\t<\/div>\n\t\t<\/div>\n\t\t\t\t<div class=\"elementor-column elementor-col-50 elementor-top-column elementor-element elementor-element-a581430\" data-id=\"a581430\" data-element_type=\"column\">\n\t\t\t<div class=\"elementor-widget-wrap elementor-element-populated\">\n\t\t\t\t\t\t<div class=\"elementor-element elementor-element-10e7d0b elementor-widget elementor-widget-template\" data-id=\"10e7d0b\" data-element_type=\"widget\" data-widget_type=\"template.default\">\n\t\t\t\t<div class=\"elementor-widget-container\">\n\t\t\t\t\t\t\t<div class=\"elementor-template\">\n\t\t\t\t\t<div data-elementor-type=\"page\" data-elementor-id=\"157251\" class=\"elementor elementor-157251 elementor-157223\" data-elementor-post-type=\"elementor_library\">\n\t\t\t\t\t\t<section class=\"elementor-section elementor-top-section elementor-element elementor-element-f7e2604 elementor-section-boxed elementor-section-height-default elementor-section-height-default parallax_section_no qode_elementor_container_no\" data-id=\"f7e2604\" data-element_type=\"section\">\n\t\t\t\t\t\t<div class=\"elementor-container elementor-column-gap-default\">\n\t\t\t\t\t<div class=\"elementor-column elementor-col-100 elementor-top-column elementor-element elementor-element-1de45ad\" data-id=\"1de45ad\" data-element_type=\"column\">\n\t\t\t<div class=\"elementor-widget-wrap elementor-element-populated\">\n\t\t\t\t\t\t<div class=\"elementor-element elementor-element-0947d4a elementor-align-center elementor-widget elementor-widget-button\" data-id=\"0947d4a\" data-element_type=\"widget\" data-widget_type=\"button.default\">\n\t\t\t\t<div class=\"elementor-widget-container\">\n\t\t\t\t\t\t\t\t\t<div class=\"elementor-button-wrapper\">\n\t\t\t\t\t<a class=\"elementor-button elementor-button-link elementor-size-md\" href=\"https:\/\/solarity.eu\/cs\/contact-us\/\">\n\t\t\t\t\t\t<span class=\"elementor-button-content-wrapper\">\n\t\t\t\t\t\t\t\t\t<span class=\"elementor-button-text\">M\u00e1m z\u00e1jem o spolupr\u00e1ci<\/span>\n\t\t\t\t\t<\/span>\n\t\t\t\t\t<\/a>\n\t\t\t\t<\/div>\n\t\t\t\t\t\t\t\t<\/div>\n\t\t\t\t<\/div>\n\t\t\t\t\t<\/div>\n\t\t<\/div>\n\t\t\t\t\t<\/div>\n\t\t<\/section>\n\t\t\t\t<\/div>\n\t\t\t\t<\/div>\n\t\t\t\t\t\t<\/div>\n\t\t\t\t<\/div>\n\t\t\t\t\t<\/div>\n\t\t<\/div>\n\t\t\t\t\t<\/div>\n\t\t<\/section>\n\t\t\t\t<section class=\"elementor-section elementor-top-section elementor-element elementor-element-9f3d3a2 elementor-section-boxed elementor-section-height-default elementor-section-height-default parallax_section_no qode_elementor_container_no\" data-id=\"9f3d3a2\" data-element_type=\"section\">\n\t\t\t\t\t\t<div class=\"elementor-container elementor-column-gap-default\">\n\t\t\t\t\t<div class=\"elementor-column elementor-col-100 elementor-top-column elementor-element elementor-element-7eff5733\" data-id=\"7eff5733\" data-element_type=\"column\">\n\t\t\t<div class=\"elementor-widget-wrap elementor-element-populated\">\n\t\t\t\t\t\t<div class=\"elementor-element elementor-element-dc110b9 elementor-widget elementor-widget-read-more\" data-id=\"dc110b9\" data-element_type=\"widget\" data-widget_type=\"read-more.default\">\n\t\t\t\t<div class=\"elementor-widget-container\">\n\t\t\t\t\t<\/div><\/div><\/div><\/div><\/div><\/section><\/div> <a href=\"https:\/\/solarity.eu\/cs\/blog\/jaka-je-situace-v-oblasti-recyklace-solarnich-panelu-na-bazi-kremiku\/#more-37973\" class=\"more-link elementor-more-link\"><span aria-label=\"Pokra\u010dovat ve \u010dten\u00ed Jak\u00e1 je situace v oblasti recyklace sol\u00e1rn\u00edch panel\u016f na b\u00e1zi k\u0159em\u00edku?\">Continue reading<\/span><\/a>","protected":false},"excerpt":{"rendered":"<p>Mezin\u00e1rodn\u00ed agentura pro obnoviteln\u00e9 zdroje p\u0159edpov\u00edd\u00e1, \u017ee sv\u011bt bude do roku 2050 \u010delit a\u017e 78 milion\u016fm tun\u00e1m odpad\u016f ze sol\u00e1rn\u00edch panel\u016f. V sou\u010dasn\u00e9 dob\u011b je 90% v\u0161ech instalovan\u00fdch sol\u00e1rn\u00edch modul\u016f na b\u00e1zi k\u0159em\u00edku. Komer\u010dn\u00ed recyklace takov\u00fdch modul\u016f v\u0161ak zat\u00edm nedos\u00e1hla sv\u00e9ho maxim\u00e1ln\u00edho potenci\u00e1lu. Organizace zab\u00fdvaj\u00edc\u00ed&#8230;<\/p>\n","protected":false},"author":30,"featured_media":18244,"comment_status":"closed","ping_status":"closed","sticky":false,"template":"","format":"standard","meta":{"footnotes":""},"categories":[1555,1772,1842,1644],"tags":[],"class_list":["post-37973","post","type-post","status-publish","format-standard","has-post-thumbnail","hentry","category-blog-2","category-blog-cs","category-news_-cs","category-technical"],"yoast_head":"<!-- This site is optimized with the Yoast SEO Premium plugin v25.6 (Yoast SEO v25.6) - https:\/\/yoast.com\/wordpress\/plugins\/seo\/ -->\n<title>Recyklace sol\u00e1rn\u00edch panel\u016f na b\u00e1zi k\u0159em\u00edku | Solarity<\/title>\n<meta name=\"description\" content=\"\u267b\ufe0f 90% instalovan\u00fdch sol\u00e1rn\u00edch modul\u016f \u2600\ufe0f je na b\u00e1zi k\u0159em\u00edku. Co se stane po skon\u010den\u00ed \u017eivotn\u00edho cyklu takov\u00fdch panel\u016f? ?\" \/>\n<meta name=\"robots\" content=\"index, follow, max-snippet:-1, max-image-preview:large, max-video-preview:-1\" \/>\n<link rel=\"canonical\" href=\"https:\/\/solarity.eu\/cs\/blog\/jaka-je-situace-v-oblasti-recyklace-solarnich-panelu-na-bazi-kremiku\/\" \/>\n<meta property=\"og:locale\" content=\"cs_CZ\" \/>\n<meta property=\"og:type\" content=\"article\" \/>\n<meta property=\"og:title\" content=\"Jak\u00e1 je situace v oblasti recyklace sol\u00e1rn\u00edch panel\u016f na b\u00e1zi k\u0159em\u00edku?\" \/>\n<meta property=\"og:description\" content=\"\u267b\ufe0f 90% instalovan\u00fdch sol\u00e1rn\u00edch modul\u016f \u2600\ufe0f je na b\u00e1zi k\u0159em\u00edku. Co se stane po skon\u010den\u00ed \u017eivotn\u00edho cyklu takov\u00fdch panel\u016f? ?\" \/>\n<meta property=\"og:url\" content=\"https:\/\/solarity.eu\/cs\/blog\/jaka-je-situace-v-oblasti-recyklace-solarnich-panelu-na-bazi-kremiku\/\" \/>\n<meta property=\"og:site_name\" content=\"Solarity\" \/>\n<meta property=\"article:publisher\" content=\"https:\/\/www.facebook.com\/solaritycz\/\" \/>\n<meta property=\"article:published_time\" content=\"2020-09-11T09:56:11+00:00\" \/>\n<meta property=\"article:modified_time\" content=\"2024-05-19T21:31:34+00:00\" \/>\n<meta property=\"og:image\" content=\"https:\/\/solarity.eu\/wp-content\/uploads\/2020\/09\/second-life-photo_1-1-1.jpg\" \/>\n\t<meta property=\"og:image:width\" content=\"770\" \/>\n\t<meta property=\"og:image:height\" content=\"500\" \/>\n\t<meta property=\"og:image:type\" content=\"image\/jpeg\" \/>\n<meta name=\"author\" content=\"vaclav\" \/>\n<meta name=\"twitter:card\" content=\"summary_large_image\" \/>\n<meta name=\"twitter:label1\" content=\"Napsal(a)\" \/>\n\t<meta name=\"twitter:data1\" content=\"vaclav\" \/>\n\t<meta name=\"twitter:label2\" content=\"Odhadovan\u00e1 doba \u010dten\u00ed\" \/>\n\t<meta name=\"twitter:data2\" content=\"5 minut\" \/>\n<script type=\"application\/ld+json\" class=\"yoast-schema-graph\">{\"@context\":\"https:\/\/schema.org\",\"@graph\":[{\"@type\":\"Article\",\"@id\":\"https:\/\/solarity.eu\/cs\/blog\/jaka-je-situace-v-oblasti-recyklace-solarnich-panelu-na-bazi-kremiku\/#article\",\"isPartOf\":{\"@id\":\"https:\/\/solarity.eu\/cs\/blog\/jaka-je-situace-v-oblasti-recyklace-solarnich-panelu-na-bazi-kremiku\/\"},\"author\":{\"name\":\"vaclav\",\"@id\":\"https:\/\/solarity.eu\/cs\/#\/schema\/person\/26227507ab7c74436d05b3e3460345bb\"},\"headline\":\"Jak\u00e1 je situace v oblasti recyklace sol\u00e1rn\u00edch panel\u016f na b\u00e1zi k\u0159em\u00edku?\",\"datePublished\":\"2020-09-11T09:56:11+00:00\",\"dateModified\":\"2024-05-19T21:31:34+00:00\",\"mainEntityOfPage\":{\"@id\":\"https:\/\/solarity.eu\/cs\/blog\/jaka-je-situace-v-oblasti-recyklace-solarnich-panelu-na-bazi-kremiku\/\"},\"wordCount\":830,\"publisher\":{\"@id\":\"https:\/\/solarity.eu\/cs\/#organization\"},\"image\":{\"@id\":\"https:\/\/solarity.eu\/cs\/blog\/jaka-je-situace-v-oblasti-recyklace-solarnich-panelu-na-bazi-kremiku\/#primaryimage\"},\"thumbnailUrl\":\"https:\/\/solarity.eu\/wp-content\/uploads\/2020\/09\/second-life-photo_1-1-1.jpg\",\"articleSection\":[\"Blog\",\"Blog\",\"News_\",\"Technick\u00e9 \u010dl\u00e1nky\"],\"inLanguage\":\"cs\"},{\"@type\":\"WebPage\",\"@id\":\"https:\/\/solarity.eu\/cs\/blog\/jaka-je-situace-v-oblasti-recyklace-solarnich-panelu-na-bazi-kremiku\/\",\"url\":\"https:\/\/solarity.eu\/cs\/blog\/jaka-je-situace-v-oblasti-recyklace-solarnich-panelu-na-bazi-kremiku\/\",\"name\":\"Recyklace sol\u00e1rn\u00edch panel\u016f na b\u00e1zi k\u0159em\u00edku | Solarity\",\"isPartOf\":{\"@id\":\"https:\/\/solarity.eu\/cs\/#website\"},\"primaryImageOfPage\":{\"@id\":\"https:\/\/solarity.eu\/cs\/blog\/jaka-je-situace-v-oblasti-recyklace-solarnich-panelu-na-bazi-kremiku\/#primaryimage\"},\"image\":{\"@id\":\"https:\/\/solarity.eu\/cs\/blog\/jaka-je-situace-v-oblasti-recyklace-solarnich-panelu-na-bazi-kremiku\/#primaryimage\"},\"thumbnailUrl\":\"https:\/\/solarity.eu\/wp-content\/uploads\/2020\/09\/second-life-photo_1-1-1.jpg\",\"datePublished\":\"2020-09-11T09:56:11+00:00\",\"dateModified\":\"2024-05-19T21:31:34+00:00\",\"description\":\"\u267b\ufe0f 90% instalovan\u00fdch sol\u00e1rn\u00edch modul\u016f \u2600\ufe0f je na b\u00e1zi k\u0159em\u00edku. Co se stane po skon\u010den\u00ed \u017eivotn\u00edho cyklu takov\u00fdch panel\u016f? ?\",\"breadcrumb\":{\"@id\":\"https:\/\/solarity.eu\/cs\/blog\/jaka-je-situace-v-oblasti-recyklace-solarnich-panelu-na-bazi-kremiku\/#breadcrumb\"},\"inLanguage\":\"cs\",\"potentialAction\":[{\"@type\":\"ReadAction\",\"target\":[\"https:\/\/solarity.eu\/cs\/blog\/jaka-je-situace-v-oblasti-recyklace-solarnich-panelu-na-bazi-kremiku\/\"]}]},{\"@type\":\"ImageObject\",\"inLanguage\":\"cs\",\"@id\":\"https:\/\/solarity.eu\/cs\/blog\/jaka-je-situace-v-oblasti-recyklace-solarnich-panelu-na-bazi-kremiku\/#primaryimage\",\"url\":\"https:\/\/solarity.eu\/wp-content\/uploads\/2020\/09\/second-life-photo_1-1-1.jpg\",\"contentUrl\":\"https:\/\/solarity.eu\/wp-content\/uploads\/2020\/09\/second-life-photo_1-1-1.jpg\",\"width\":770,\"height\":500,\"caption\":\"Recyklace PV\"},{\"@type\":\"BreadcrumbList\",\"@id\":\"https:\/\/solarity.eu\/cs\/blog\/jaka-je-situace-v-oblasti-recyklace-solarnich-panelu-na-bazi-kremiku\/#breadcrumb\",\"itemListElement\":[{\"@type\":\"ListItem\",\"position\":1,\"name\":\"Home\",\"item\":\"https:\/\/solarity.eu\/cs\/uvod\/\"},{\"@type\":\"ListItem\",\"position\":2,\"name\":\"Jak\u00e1 je situace v oblasti recyklace sol\u00e1rn\u00edch panel\u016f na b\u00e1zi k\u0159em\u00edku?\"}]},{\"@type\":\"WebSite\",\"@id\":\"https:\/\/solarity.eu\/cs\/#website\",\"url\":\"https:\/\/solarity.eu\/cs\/\",\"name\":\"Solarity\",\"description\":\"Distributor and wholesaler of photovoltaic systems\",\"publisher\":{\"@id\":\"https:\/\/solarity.eu\/cs\/#organization\"},\"potentialAction\":[{\"@type\":\"SearchAction\",\"target\":{\"@type\":\"EntryPoint\",\"urlTemplate\":\"https:\/\/solarity.eu\/cs\/?s={search_term_string}\"},\"query-input\":{\"@type\":\"PropertyValueSpecification\",\"valueRequired\":true,\"valueName\":\"search_term_string\"}}],\"inLanguage\":\"cs\"},{\"@type\":\"Organization\",\"@id\":\"https:\/\/solarity.eu\/cs\/#organization\",\"name\":\"Solarity\",\"url\":\"https:\/\/solarity.eu\/cs\/\",\"logo\":{\"@type\":\"ImageObject\",\"inLanguage\":\"cs\",\"@id\":\"https:\/\/solarity.eu\/cs\/#\/schema\/logo\/image\/\",\"url\":\"https:\/\/solarity.eu\/wp-content\/uploads\/2020\/08\/Solarity_Logo_new.jpg\",\"contentUrl\":\"https:\/\/solarity.eu\/wp-content\/uploads\/2020\/08\/Solarity_Logo_new.jpg\",\"width\":364,\"height\":59,\"caption\":\"Solarity\"},\"image\":{\"@id\":\"https:\/\/solarity.eu\/cs\/#\/schema\/logo\/image\/\"},\"sameAs\":[\"https:\/\/www.facebook.com\/solaritycz\/\"]},{\"@type\":\"Person\",\"@id\":\"https:\/\/solarity.eu\/cs\/#\/schema\/person\/26227507ab7c74436d05b3e3460345bb\",\"name\":\"vaclav\",\"image\":{\"@type\":\"ImageObject\",\"inLanguage\":\"cs\",\"@id\":\"https:\/\/solarity.eu\/cs\/#\/schema\/person\/image\/\",\"url\":\"https:\/\/secure.gravatar.com\/avatar\/fd784bc562120f53d98d327be996ebed77e28c70d9efd44a12f71eed9d9e3579?s=96&d=mm&r=g\",\"contentUrl\":\"https:\/\/secure.gravatar.com\/avatar\/fd784bc562120f53d98d327be996ebed77e28c70d9efd44a12f71eed9d9e3579?s=96&d=mm&r=g\",\"caption\":\"vaclav\"},\"url\":\"https:\/\/solarity.eu\/cs\/blog\/author\/vaclav\/\"}]}<\/script>\n<!-- \/ Yoast SEO Premium plugin. -->","yoast_head_json":{"title":"Recyklace sol\u00e1rn\u00edch panel\u016f na b\u00e1zi k\u0159em\u00edku | Solarity","description":"\u267b\ufe0f 90% instalovan\u00fdch sol\u00e1rn\u00edch modul\u016f \u2600\ufe0f je na b\u00e1zi k\u0159em\u00edku. Co se stane po skon\u010den\u00ed \u017eivotn\u00edho cyklu takov\u00fdch panel\u016f? ?","robots":{"index":"index","follow":"follow","max-snippet":"max-snippet:-1","max-image-preview":"max-image-preview:large","max-video-preview":"max-video-preview:-1"},"canonical":"https:\/\/solarity.eu\/cs\/blog\/jaka-je-situace-v-oblasti-recyklace-solarnich-panelu-na-bazi-kremiku\/","og_locale":"cs_CZ","og_type":"article","og_title":"Jak\u00e1 je situace v oblasti recyklace sol\u00e1rn\u00edch panel\u016f na b\u00e1zi k\u0159em\u00edku?","og_description":"\u267b\ufe0f 90% instalovan\u00fdch sol\u00e1rn\u00edch modul\u016f \u2600\ufe0f je na b\u00e1zi k\u0159em\u00edku. Co se stane po skon\u010den\u00ed \u017eivotn\u00edho cyklu takov\u00fdch panel\u016f? ?","og_url":"https:\/\/solarity.eu\/cs\/blog\/jaka-je-situace-v-oblasti-recyklace-solarnich-panelu-na-bazi-kremiku\/","og_site_name":"Solarity","article_publisher":"https:\/\/www.facebook.com\/solaritycz\/","article_published_time":"2020-09-11T09:56:11+00:00","article_modified_time":"2024-05-19T21:31:34+00:00","og_image":[{"width":770,"height":500,"url":"https:\/\/solarity.eu\/wp-content\/uploads\/2020\/09\/second-life-photo_1-1-1.jpg","type":"image\/jpeg"}],"author":"vaclav","twitter_card":"summary_large_image","twitter_misc":{"Napsal(a)":"vaclav","Odhadovan\u00e1 doba \u010dten\u00ed":"5 minut"},"schema":{"@context":"https:\/\/schema.org","@graph":[{"@type":"Article","@id":"https:\/\/solarity.eu\/cs\/blog\/jaka-je-situace-v-oblasti-recyklace-solarnich-panelu-na-bazi-kremiku\/#article","isPartOf":{"@id":"https:\/\/solarity.eu\/cs\/blog\/jaka-je-situace-v-oblasti-recyklace-solarnich-panelu-na-bazi-kremiku\/"},"author":{"name":"vaclav","@id":"https:\/\/solarity.eu\/cs\/#\/schema\/person\/26227507ab7c74436d05b3e3460345bb"},"headline":"Jak\u00e1 je situace v oblasti recyklace sol\u00e1rn\u00edch panel\u016f na b\u00e1zi k\u0159em\u00edku?","datePublished":"2020-09-11T09:56:11+00:00","dateModified":"2024-05-19T21:31:34+00:00","mainEntityOfPage":{"@id":"https:\/\/solarity.eu\/cs\/blog\/jaka-je-situace-v-oblasti-recyklace-solarnich-panelu-na-bazi-kremiku\/"},"wordCount":830,"publisher":{"@id":"https:\/\/solarity.eu\/cs\/#organization"},"image":{"@id":"https:\/\/solarity.eu\/cs\/blog\/jaka-je-situace-v-oblasti-recyklace-solarnich-panelu-na-bazi-kremiku\/#primaryimage"},"thumbnailUrl":"https:\/\/solarity.eu\/wp-content\/uploads\/2020\/09\/second-life-photo_1-1-1.jpg","articleSection":["Blog","Blog","News_","Technick\u00e9 \u010dl\u00e1nky"],"inLanguage":"cs"},{"@type":"WebPage","@id":"https:\/\/solarity.eu\/cs\/blog\/jaka-je-situace-v-oblasti-recyklace-solarnich-panelu-na-bazi-kremiku\/","url":"https:\/\/solarity.eu\/cs\/blog\/jaka-je-situace-v-oblasti-recyklace-solarnich-panelu-na-bazi-kremiku\/","name":"Recyklace sol\u00e1rn\u00edch panel\u016f na b\u00e1zi k\u0159em\u00edku | Solarity","isPartOf":{"@id":"https:\/\/solarity.eu\/cs\/#website"},"primaryImageOfPage":{"@id":"https:\/\/solarity.eu\/cs\/blog\/jaka-je-situace-v-oblasti-recyklace-solarnich-panelu-na-bazi-kremiku\/#primaryimage"},"image":{"@id":"https:\/\/solarity.eu\/cs\/blog\/jaka-je-situace-v-oblasti-recyklace-solarnich-panelu-na-bazi-kremiku\/#primaryimage"},"thumbnailUrl":"https:\/\/solarity.eu\/wp-content\/uploads\/2020\/09\/second-life-photo_1-1-1.jpg","datePublished":"2020-09-11T09:56:11+00:00","dateModified":"2024-05-19T21:31:34+00:00","description":"\u267b\ufe0f 90% instalovan\u00fdch sol\u00e1rn\u00edch modul\u016f \u2600\ufe0f je na b\u00e1zi k\u0159em\u00edku. Co se stane po skon\u010den\u00ed \u017eivotn\u00edho cyklu takov\u00fdch panel\u016f? ?","breadcrumb":{"@id":"https:\/\/solarity.eu\/cs\/blog\/jaka-je-situace-v-oblasti-recyklace-solarnich-panelu-na-bazi-kremiku\/#breadcrumb"},"inLanguage":"cs","potentialAction":[{"@type":"ReadAction","target":["https:\/\/solarity.eu\/cs\/blog\/jaka-je-situace-v-oblasti-recyklace-solarnich-panelu-na-bazi-kremiku\/"]}]},{"@type":"ImageObject","inLanguage":"cs","@id":"https:\/\/solarity.eu\/cs\/blog\/jaka-je-situace-v-oblasti-recyklace-solarnich-panelu-na-bazi-kremiku\/#primaryimage","url":"https:\/\/solarity.eu\/wp-content\/uploads\/2020\/09\/second-life-photo_1-1-1.jpg","contentUrl":"https:\/\/solarity.eu\/wp-content\/uploads\/2020\/09\/second-life-photo_1-1-1.jpg","width":770,"height":500,"caption":"Recyklace PV"},{"@type":"BreadcrumbList","@id":"https:\/\/solarity.eu\/cs\/blog\/jaka-je-situace-v-oblasti-recyklace-solarnich-panelu-na-bazi-kremiku\/#breadcrumb","itemListElement":[{"@type":"ListItem","position":1,"name":"Home","item":"https:\/\/solarity.eu\/cs\/uvod\/"},{"@type":"ListItem","position":2,"name":"Jak\u00e1 je situace v oblasti recyklace sol\u00e1rn\u00edch panel\u016f na b\u00e1zi k\u0159em\u00edku?"}]},{"@type":"WebSite","@id":"https:\/\/solarity.eu\/cs\/#website","url":"https:\/\/solarity.eu\/cs\/","name":"Solarity","description":"Distributor and wholesaler of photovoltaic systems","publisher":{"@id":"https:\/\/solarity.eu\/cs\/#organization"},"potentialAction":[{"@type":"SearchAction","target":{"@type":"EntryPoint","urlTemplate":"https:\/\/solarity.eu\/cs\/?s={search_term_string}"},"query-input":{"@type":"PropertyValueSpecification","valueRequired":true,"valueName":"search_term_string"}}],"inLanguage":"cs"},{"@type":"Organization","@id":"https:\/\/solarity.eu\/cs\/#organization","name":"Solarity","url":"https:\/\/solarity.eu\/cs\/","logo":{"@type":"ImageObject","inLanguage":"cs","@id":"https:\/\/solarity.eu\/cs\/#\/schema\/logo\/image\/","url":"https:\/\/solarity.eu\/wp-content\/uploads\/2020\/08\/Solarity_Logo_new.jpg","contentUrl":"https:\/\/solarity.eu\/wp-content\/uploads\/2020\/08\/Solarity_Logo_new.jpg","width":364,"height":59,"caption":"Solarity"},"image":{"@id":"https:\/\/solarity.eu\/cs\/#\/schema\/logo\/image\/"},"sameAs":["https:\/\/www.facebook.com\/solaritycz\/"]},{"@type":"Person","@id":"https:\/\/solarity.eu\/cs\/#\/schema\/person\/26227507ab7c74436d05b3e3460345bb","name":"vaclav","image":{"@type":"ImageObject","inLanguage":"cs","@id":"https:\/\/solarity.eu\/cs\/#\/schema\/person\/image\/","url":"https:\/\/secure.gravatar.com\/avatar\/fd784bc562120f53d98d327be996ebed77e28c70d9efd44a12f71eed9d9e3579?s=96&d=mm&r=g","contentUrl":"https:\/\/secure.gravatar.com\/avatar\/fd784bc562120f53d98d327be996ebed77e28c70d9efd44a12f71eed9d9e3579?s=96&d=mm&r=g","caption":"vaclav"},"url":"https:\/\/solarity.eu\/cs\/blog\/author\/vaclav\/"}]}},"_links":{"self":[{"href":"https:\/\/solarity.eu\/cs\/wp-json\/wp\/v2\/posts\/37973","targetHints":{"allow":["GET"]}}],"collection":[{"href":"https:\/\/solarity.eu\/cs\/wp-json\/wp\/v2\/posts"}],"about":[{"href":"https:\/\/solarity.eu\/cs\/wp-json\/wp\/v2\/types\/post"}],"author":[{"embeddable":true,"href":"https:\/\/solarity.eu\/cs\/wp-json\/wp\/v2\/users\/30"}],"replies":[{"embeddable":true,"href":"https:\/\/solarity.eu\/cs\/wp-json\/wp\/v2\/comments?post=37973"}],"version-history":[{"count":3,"href":"https:\/\/solarity.eu\/cs\/wp-json\/wp\/v2\/posts\/37973\/revisions"}],"predecessor-version":[{"id":158162,"href":"https:\/\/solarity.eu\/cs\/wp-json\/wp\/v2\/posts\/37973\/revisions\/158162"}],"wp:featuredmedia":[{"embeddable":true,"href":"https:\/\/solarity.eu\/cs\/wp-json\/wp\/v2\/media\/18244"}],"wp:attachment":[{"href":"https:\/\/solarity.eu\/cs\/wp-json\/wp\/v2\/media?parent=37973"}],"wp:term":[{"taxonomy":"category","embeddable":true,"href":"https:\/\/solarity.eu\/cs\/wp-json\/wp\/v2\/categories?post=37973"},{"taxonomy":"post_tag","embeddable":true,"href":"https:\/\/solarity.eu\/cs\/wp-json\/wp\/v2\/tags?post=37973"}],"curies":[{"name":"wp","href":"https:\/\/api.w.org\/{rel}","templated":true}]}}