{"id":165054,"date":"2026-08-06T12:59:40","date_gmt":"2026-08-06T12:59:40","guid":{"rendered":"https:\/\/solarity.eu\/?p=165054"},"modified":"2026-09-04T20:40:22","modified_gmt":"2026-09-04T20:40:22","slug":"perspectivas-e-impresiones-de-snec-e-intersolar-2026","status":"publish","type":"post","link":"https:\/\/solarity.eu\/es\/blog\/perspectivas-e-impresiones-de-snec-e-intersolar-2026\/","title":{"rendered":"Perspectivas e Impresiones de SNEC e Intersolar 2026"},"content":{"rendered":"\t\t<div data-elementor-type=\"wp-post\" data-elementor-id=\"165054\" class=\"elementor elementor-165054 elementor-165002\" data-elementor-post-type=\"post\">\n\t\t\t\t\t\t<section class=\"elementor-section elementor-top-section elementor-element elementor-element-f323574 elementor-section-boxed elementor-section-height-default elementor-section-height-default parallax_section_no qode_elementor_container_no\" data-id=\"f323574\" data-element_type=\"section\" data-e-type=\"section\">\n\t\t\t\t\t\t<div class=\"elementor-container elementor-column-gap-default\">\n\t\t\t\t\t<div class=\"elementor-column elementor-col-100 elementor-top-column elementor-element elementor-element-a49e854\" data-id=\"a49e854\" data-element_type=\"column\" data-e-type=\"column\">\n\t\t\t<div class=\"elementor-widget-wrap elementor-element-populated\">\n\t\t\t\t\t\t<div class=\"elementor-element elementor-element-2673bee elementor-widget elementor-widget-theme-post-title elementor-page-title elementor-widget-heading\" data-id=\"2673bee\" data-element_type=\"widget\" data-e-type=\"widget\" data-widget_type=\"theme-post-title.default\">\n\t\t\t\t<div class=\"elementor-widget-container\">\n\t\t\t\t\t<h1 class=\"elementor-heading-title elementor-size-default\">Perspectivas e Impresiones de SNEC e Intersolar 2026<\/h1>\t\t\t\t<\/div>\n\t\t\t\t<\/div>\n\t\t\t\t<div class=\"elementor-element elementor-element-5d90627 elementor-widget elementor-widget-text-editor\" data-id=\"5d90627\" data-element_type=\"widget\" data-e-type=\"widget\" data-widget_type=\"text-editor.default\">\n\t\t\t\t<div class=\"elementor-widget-container\">\n\t\t\t\t\t\t\t\t\t<p><span style=\"font-weight: 400\">A medida que la transici\u00f3n global hacia las energ\u00edas renovables se acelera, la demanda de soluciones solares de gran capacidad, profundamente integradas y tecnol\u00f3gicamente avanzadas es m\u00e1s alta que nunca. Como cada a\u00f1o, el equipo de Solarity asisti\u00f3 a los dos eventos m\u00e1s prestigiosos del calendario fotovoltaico: la<strong> SNEC PV Power Expo<\/strong> en Shangh\u00e1i e <strong>Intersolar Europe<\/strong> en M\u00fanich. Nuestro objetivo principal fue asegurar las tecnolog\u00edas m\u00e1s avanzadas, fortificar nuestras relaciones con los fabricantes l\u00edderes a nivel mundial y llevar an\u00e1lisis estrat\u00e9gicos de alto nivel a nuestros clientes EPC en todo el mundo.<\/span><\/p>\n<p><span style=\"font-weight: 400\">Nuestras reuniones con los l\u00edderes de la industria confirmaron un cambio masivo en el sector. El almacenamiento y la inteligencia artificial ya no son simples componentes complementarios; hoy son el eje central del dise\u00f1o de proyectos, desplazando el enfoque del hardware individual hacia la integraci\u00f3n total del sistema y la estabilizaci\u00f3n fluida de la red el\u00e9ctrica.<\/span><\/p><p><span style=\"font-weight: 400\"><br><\/span><\/p>\n<p><\/p>\n<h2><b>M<\/b><b>acrotendencias que Moldear\u00e1n el Panorama para los EPC<\/b><\/h2>\n<table>\n<tbody>\n<tr>\n<td>\n<p><b>Pilar Tecnol\u00f3gico<\/b><\/p>\n<\/td>\n<td>\n<p><b>Evoluci\u00f3n del Mercado e Implicaci\u00f3n para los EPC<\/b><\/p>\n<\/td>\n<td>\n<p><b>Cambios Tecnol\u00f3gicos Clave<\/b><\/p>\n<\/td>\n<\/tr>\n<tr>\n<td>\n<p><b>BESS (Sistemas de Almacenamiento de Energ\u00eda con Bater\u00edas)<\/b><\/p>\n<\/td>\n<td>\n<p><span style=\"font-weight: 400\">Las bater\u00edas modulares de alto voltaje para instalaciones de interior y exterior se est\u00e1n escalando r\u00e1pidamente, reduciendo de forma dr\u00e1stica el costo nivelado de almacenamiento (LCOS).<\/span><\/p>\n<\/td>\n<td>\n<p><span style=\"font-weight: 400\">Transici\u00f3n del est\u00e1ndar industrial de celdas de 314Ah a celdas de incre\u00edble densidad de 588Ah e incluso 1300Ah. Los est\u00e1ndares de contenedores est\u00e1n migrando hacia formatos de 6.25 MWh+.<\/span><\/p>\n<\/td>\n<\/tr>\n<tr>\n<td>\n<p><b>Inversores de Alta Capacidad<\/b><\/p>\n<\/td>\n<td>\n<p><span style=\"font-weight: 400\">La tendencia hacia una menor cantidad de conexiones de strings y la simplificaci\u00f3n de arquitecturas C&amp;I est\u00e1 impulsando aumentos masivos en la capacidad de los inversores.<\/span><\/p>\n<\/td>\n<td>\n<p><span style=\"font-weight: 400\">Surgimiento de inversores h\u00edbridos de 125 kW e inversores string para escala <\/span><i><span style=\"font-weight: 400\">utility<\/span><\/i><span style=\"font-weight: 400\"> que superan los umbrales de 465 kW a 500 kW.<\/span><\/p>\n<\/td>\n<\/tr>\n<tr>\n<td>\n<p><b>M\u00f3dulos Fotovoltaicos Avanzados<\/b><\/p>\n<\/td>\n<td>\n<p><span style=\"font-weight: 400\">El debate tecnol\u00f3gico contin\u00faa entre los dise\u00f1os de contacto posterior (xBC) y TOPCon, pero el resultado directo para los EPC es un mayor rendimiento garantizado por metro cuadrado.<\/span><\/p>\n<\/td>\n<td>\n<p><span style=\"font-weight: 400\">Una eficiencia del 24% es ahora la base est\u00e1ndar del mercado, mientras que el 25% se consolida como el nuevo est\u00e1ndar insignia. Tambi\u00e9n est\u00e1n emergiendo m\u00f3dulos con autodiagn\u00f3stico impulsado por IA.<\/span><\/p>\n<\/td>\n<\/tr>\n<\/tbody>\n<\/table>\n<h2>&nbsp;<\/h2>\n<h2><b>Fortaleciendo Alianzas: Innovaciones por Marca<br><\/b><\/h2>\n<p><span style=\"font-weight: 400\">Solarity mantiene el compromiso de conservar relaciones directas y s\u00f3lidas con los fabricantes que est\u00e1n impulsando la industria solar. A continuaci\u00f3n, presentamos un resumen detallado de las marcas con las que nos reunimos, destacando sus \u00faltimas innovaciones y nuestros compromisos mutuos con la excelencia en la cadena de suministro.<\/span><\/p>\n<ul>\n<li style=\"font-weight: 400\">\n<h4><b>M\u00f3dulos Fotovoltaicos Tier 1<\/b><\/h4>\n<ul>\n<li style=\"font-weight: 400\"><b>Tongwei:<\/b><span style=\"font-weight: 400\"> Exhibi\u00f3 una capacidad de producci\u00f3n masiva con sus nuevos m\u00f3dulos TNC 3.0, que alcanzan hasta 765 W, y sus m\u00f3dulos avanzados TBC, que llegan al 25.17% de eficiencia. Nuestra cooperaci\u00f3n garantiza una alta disponibilidad en nuestras regiones clave.<\/span><span style=\"font-weight: 400\"><br><\/span><\/li>\n<\/ul>\n<p><a href=\"https:\/\/en.tongwei.com\/news\/detail\/170796.html\"><i><span style=\"font-weight: 400\">&nbsp;<img decoding=\"async\" role=\"img\" class=\"emoji\" alt=\"\ud83d\udcc4\" src=\"https:\/\/s.w.org\/images\/core\/emoji\/17.0.2\/svg\/1f4c4.svg\"> Ver lo m\u00e1s destacado del producto Tongwei TNC 3.0<\/span><\/i><\/a><\/p><\/li>\n<\/ul>\n<p><a href=\"https:\/\/solarity.eu\/wp-content\/uploads\/2026\/08\/Snimek-obrazovky-2026-08-04-v-9.44.58.png\"><img fetchpriority=\"high\" decoding=\"async\" class=\" wp-image-164799 aligncenter\" src=\"https:\/\/solarity.eu\/wp-content\/uploads\/2026\/08\/Snimek-obrazovky-2026-08-04-v-9.44.58-137x300.png\" alt=\"Tongwei solar panel\" width=\"152\" height=\"333\" srcset=\"https:\/\/solarity.eu\/wp-content\/uploads\/2026\/08\/Snimek-obrazovky-2026-08-04-v-9.44.58-137x300.png 137w, https:\/\/solarity.eu\/wp-content\/uploads\/2026\/08\/Snimek-obrazovky-2026-08-04-v-9.44.58.png 319w\" sizes=\"(max-width: 152px) 100vw, 152px\" \/><\/a><\/p>\n<ul>\n<li style=\"font-weight: 400\"><b>LONGi: <\/b><span style=\"font-weight: 400\">Present\u00f3 sus vers\u00e1tiles m\u00f3dulos Hi-MO 9 Prime y la tecnolog\u00eda de contacto posterior Hi-MO X10. Tambi\u00e9n exploramos sus exclusivos m\u00f3dulos estructurales transitables (<\/span><i><span style=\"font-weight: 400\">walkable<\/span><\/i><span style=\"font-weight: 400\">) y sus soluciones integradas BESS LONGi One.<\/span><span style=\"font-weight: 400\"><br><\/span><a href=\"https:\/\/www.longi.com\/en\/news\/hi-mo-9-prime-launch-intersolar-europe-2026\/\"><i><span style=\"font-weight: 400\">&nbsp;<img decoding=\"async\" role=\"img\" class=\"emoji\" alt=\"\ud83d\udcc4\" src=\"https:\/\/s.w.org\/images\/core\/emoji\/17.0.2\/svg\/1f4c4.svg\"> Ver especificaciones de LONGi Hi-MO 9 Prime<\/span><\/i><\/a><\/li>\n<\/ul>\n<p><a href=\"https:\/\/solarity.eu\/wp-content\/uploads\/2026\/08\/Snimek-obrazovky-2026-08-04-v-9.26.19.png\"><img decoding=\"async\" class=\"size-medium wp-image-164810 aligncenter\" src=\"https:\/\/solarity.eu\/wp-content\/uploads\/2026\/08\/Snimek-obrazovky-2026-08-04-v-9.26.19-161x300.png\" alt=\"Longi solar panel Hi-MO 9\" width=\"161\" height=\"300\" srcset=\"https:\/\/solarity.eu\/wp-content\/uploads\/2026\/08\/Snimek-obrazovky-2026-08-04-v-9.26.19-161x300.png 161w, https:\/\/solarity.eu\/wp-content\/uploads\/2026\/08\/Snimek-obrazovky-2026-08-04-v-9.26.19.png 414w\" sizes=\"(max-width: 161px) 100vw, 161px\" \/><\/a><\/p>\n<ul>\n<li style=\"font-weight: 400\"><b>JA Solar: <\/b><span style=\"font-weight: 400\">Se enfoc\u00f3 fuertemente en su serie insignia DeepBlue 4.0 Pro, que utiliza celdas de triple corte para una optimizaci\u00f3n superior frente a sombras. Tambi\u00e9n introdujeron nuevas l\u00edneas de bater\u00edas C&amp;I como la JAGalaxy.<\/span><\/li>\n<li style=\"font-weight: 400\"><b>Jinko Solar:<\/b><span style=\"font-weight: 400\"> Sigue superando los l\u00edmites en proyectos a gran escala (<\/span><i><span style=\"font-weight: 400\">utility-scale<\/span><\/i><span style=\"font-weight: 400\">) con sus m\u00f3dulos TOPCon Tiger Neo de 3.\u00aa generaci\u00f3n (620-640W). Estamos coordinando activamente para asegurar vol\u00famenes regionales masivos.<\/span><\/li>\n<li style=\"font-weight: 400\"><b>TCL:<\/b><span style=\"font-weight: 400\"> Sigue fortaleciendo su presencia en el segmento de m\u00f3dulos con tecnolog\u00edas de contacto posterior propietarias. Hemos consolidado una s\u00f3lida relaci\u00f3n operativa para dar soporte a vol\u00famenes de proyectos en expansi\u00f3n.<br><br><\/span><\/li>\n<\/ul>\n<h3><b>Fabricantes L\u00edderes de Celdas y Sistemas de Almacenamiento de Energ\u00eda<br><\/b><\/h3>\n<ul>\n<li style=\"font-weight: 400\"><span style=\"font-weight: 400\"><b>CATL:<\/b> Devel\u00f3 la revolucionaria Serie TENER: un contenedor de bater\u00eda de sodio de 30 MWh que ofrece una asombrosa vida \u00fatil de 15,000 ciclos y aislamiento de fallas autom\u00e1tico en milisegundos.<br><\/span><a href=\"https:\/\/www.catl.com\/en\/news\/6861.html\"><i><span style=\"font-weight: 400\"><img decoding=\"async\" role=\"img\" class=\"emoji\" alt=\"\ud83d\udcc4\" src=\"https:\/\/s.w.org\/images\/core\/emoji\/17.0.2\/svg\/1f4c4.svg\">&nbsp; Ver especificaciones t\u00e9cnicas de CATL TENER<br><\/span><\/i><\/a><\/li>\n<\/ul>\n<p><a href=\"https:\/\/solarity.eu\/wp-content\/uploads\/2026\/08\/Snimek-obrazovky-2026-08-04-v-9.26.27.png\"><img decoding=\"async\" class=\"size-medium wp-image-164909 aligncenter\" src=\"https:\/\/solarity.eu\/wp-content\/uploads\/2026\/08\/Snimek-obrazovky-2026-08-04-v-9.26.27-300x134.png\" alt=\"\" width=\"300\" height=\"134\" srcset=\"https:\/\/solarity.eu\/wp-content\/uploads\/2026\/08\/Snimek-obrazovky-2026-08-04-v-9.26.27-300x134.png 300w, https:\/\/solarity.eu\/wp-content\/uploads\/2026\/08\/Snimek-obrazovky-2026-08-04-v-9.26.27-768x342.png 768w, https:\/\/solarity.eu\/wp-content\/uploads\/2026\/08\/Snimek-obrazovky-2026-08-04-v-9.26.27-700x312.png 700w, https:\/\/solarity.eu\/wp-content\/uploads\/2026\/08\/Snimek-obrazovky-2026-08-04-v-9.26.27.png 839w\" sizes=\"(max-width: 300px) 100vw, 300px\" \/><\/a><\/p>\n<ul>\n<li style=\"font-weight: 400\"><span style=\"font-weight: 400\">Tecloman: Demostr\u00f3 un gran potencial para proyectos utility con su sistema Ymir6K Plus y sus gabinetes de enfriamiento l\u00edquido para exterior TRACK, proporcionando estabilidad de red en soluciones llave en mano.<br><\/span><a href=\"https:\/\/www.tecloman.com\/product\/id\/73\"><i><span style=\"font-weight: 400\"><img decoding=\"async\" role=\"img\" class=\"emoji\" alt=\"\ud83d\udcc4\" src=\"https:\/\/s.w.org\/images\/core\/emoji\/17.0.2\/svg\/1f4c4.svg\"> Ver especificaciones de Tecloman Ymir6K Plus<\/span><\/i><\/a><\/li>\n<\/ul>\n<p><a href=\"https:\/\/solarity.eu\/wp-content\/uploads\/2026\/08\/Snimek-obrazovky-2026-08-04-v-9.26.37.png\"><img loading=\"lazy\" decoding=\"async\" class=\"size-medium wp-image-164832 aligncenter\" src=\"https:\/\/solarity.eu\/wp-content\/uploads\/2026\/08\/Snimek-obrazovky-2026-08-04-v-9.26.37-300x134.png\" alt=\"Tecloman truck expo\" width=\"300\" height=\"134\" srcset=\"https:\/\/solarity.eu\/wp-content\/uploads\/2026\/08\/Snimek-obrazovky-2026-08-04-v-9.26.37-300x134.png 300w, https:\/\/solarity.eu\/wp-content\/uploads\/2026\/08\/Snimek-obrazovky-2026-08-04-v-9.26.37-768x343.png 768w, https:\/\/solarity.eu\/wp-content\/uploads\/2026\/08\/Snimek-obrazovky-2026-08-04-v-9.26.37-700x312.png 700w, https:\/\/solarity.eu\/wp-content\/uploads\/2026\/08\/Snimek-obrazovky-2026-08-04-v-9.26.37.png 843w\" sizes=\"(max-width: 300px) 100vw, 300px\" \/><\/a><\/p>\n<ul>\n<li style=\"font-weight: 400\"><span style=\"font-weight: 400\"><b>AlphaESS:<\/b> Present\u00f3 su BESS <i>utility<\/i> Aster 6260 con enfriamiento l\u00edquido junto con sus soluciones C&amp;I de alto rendimiento STORION, gestionadas por su plataforma inteligente EMS AlphaConnect.<\/span><br><a href=\"https:\/\/www.linkedin.com\/posts\/alphaesseu_alphaess-aster6260-bess-activity-7475982858805891073-dlZI\"><i><span style=\"font-weight: 400\"><img decoding=\"async\" role=\"img\" class=\"emoji\" alt=\"\ud83d\udcc4\" src=\"https:\/\/s.w.org\/images\/core\/emoji\/17.0.2\/svg\/1f4c4.svg\"> Ver lo m\u00e1s destacado de AlphaESS Aster 6260<\/span><\/i><i><span style=\"font-weight: 400\"><br><\/span><\/i><\/a><i><a href=\"https:\/\/solarity.eu\/wp-content\/uploads\/2026\/08\/Snimek-obrazovky-2026-08-04-v-9.26.44.png\"><img loading=\"lazy\" decoding=\"async\" class=\"size-medium wp-image-164843 aligncenter\" src=\"https:\/\/solarity.eu\/wp-content\/uploads\/2026\/08\/Snimek-obrazovky-2026-08-04-v-9.26.44-300x194.png\" alt=\"AlphaESS solar panel\" width=\"300\" height=\"194\" srcset=\"https:\/\/solarity.eu\/wp-content\/uploads\/2026\/08\/Snimek-obrazovky-2026-08-04-v-9.26.44-300x194.png 300w, https:\/\/solarity.eu\/wp-content\/uploads\/2026\/08\/Snimek-obrazovky-2026-08-04-v-9.26.44-768x497.png 768w, https:\/\/solarity.eu\/wp-content\/uploads\/2026\/08\/Snimek-obrazovky-2026-08-04-v-9.26.44-800x520.png 800w, https:\/\/solarity.eu\/wp-content\/uploads\/2026\/08\/Snimek-obrazovky-2026-08-04-v-9.26.44-400x260.png 400w, https:\/\/solarity.eu\/wp-content\/uploads\/2026\/08\/Snimek-obrazovky-2026-08-04-v-9.26.44-700x453.png 700w, https:\/\/solarity.eu\/wp-content\/uploads\/2026\/08\/Snimek-obrazovky-2026-08-04-v-9.26.44.png 803w\" sizes=\"(max-width: 300px) 100vw, 300px\" \/><\/a><\/i><\/li>\n<li style=\"font-weight: 400\"><b>REPT BATTERO:<\/b><span style=\"font-weight: 400\"> Impulsando la pr\u00f3xima generaci\u00f3n en fabricaci\u00f3n de celdas con unidades de 588Ah, las cuales alimentar\u00e1n los pr\u00f3ximos contenedores de 6.25 MWh proyectados para redefinir el mercado europeo.<\/span><span style=\"font-weight: 400\"><br><a href=\"https:\/\/solarity.eu\/wp-content\/uploads\/2026\/08\/Snimek-obrazovky-2026-08-04-v-9.26.52.png\"><img loading=\"lazy\" decoding=\"async\" class=\"size-medium wp-image-164854 aligncenter\" src=\"https:\/\/solarity.eu\/wp-content\/uploads\/2026\/08\/Snimek-obrazovky-2026-08-04-v-9.26.52-300x201.png\" alt=\"Repr battero stand at expo\" width=\"300\" height=\"201\" srcset=\"https:\/\/solarity.eu\/wp-content\/uploads\/2026\/08\/Snimek-obrazovky-2026-08-04-v-9.26.52-300x201.png 300w, https:\/\/solarity.eu\/wp-content\/uploads\/2026\/08\/Snimek-obrazovky-2026-08-04-v-9.26.52.png 606w\" sizes=\"(max-width: 300px) 100vw, 300px\" \/><\/a><br><\/span><\/li>\n<li style=\"font-weight: 400\"><b>Pylontech:<\/b><span style=\"font-weight: 400\"> Evolucionando r\u00e1pidamente su portafolio para incluir contenedores a gran escala de 6.25 MWh con celdas propias, al tiempo que refuerza los centros de servicio regional para nuestros clientes.<\/span><\/li>\n<\/ul>\n<p><a href=\"https:\/\/solarity.eu\/wp-content\/uploads\/2026\/08\/Snimek-obrazovky-2026-08-04-v-9.27.00.png\"><img loading=\"lazy\" decoding=\"async\" class=\"size-medium wp-image-164865 aligncenter\" src=\"https:\/\/solarity.eu\/wp-content\/uploads\/2026\/08\/Snimek-obrazovky-2026-08-04-v-9.27.00-300x135.png\" alt=\"\" width=\"300\" height=\"135\" srcset=\"https:\/\/solarity.eu\/wp-content\/uploads\/2026\/08\/Snimek-obrazovky-2026-08-04-v-9.27.00-300x135.png 300w, https:\/\/solarity.eu\/wp-content\/uploads\/2026\/08\/Snimek-obrazovky-2026-08-04-v-9.27.00-768x345.png 768w, https:\/\/solarity.eu\/wp-content\/uploads\/2026\/08\/Snimek-obrazovky-2026-08-04-v-9.27.00-700x315.png 700w, https:\/\/solarity.eu\/wp-content\/uploads\/2026\/08\/Snimek-obrazovky-2026-08-04-v-9.27.00.png 843w\" sizes=\"(max-width: 300px) 100vw, 300px\" \/><\/a><\/p>\n<ul>\n<li style=\"font-weight: 400\"><b>Dyness:<\/b><span style=\"font-weight: 400\"> Contin\u00faa ofreciendo sistemas de almacenamiento confiables y con certificaci\u00f3n internacional. Mantuvimos un excelente di\u00e1logo para asegurar la estabilidad en la cadena de suministro para despliegues regionales.<\/span><\/li>\n<li style=\"font-weight: 400\"><b>Soluna:<\/b><span style=\"font-weight: 400\"> Mostr\u00f3 sus nuevas bater\u00edas HV apilables, dise\u00f1adas tanto para espacios residenciales como comerciales. Nuestra alianza sigue enfocada en llevar estos sistemas de gama alta a nuestras redes de distribuci\u00f3n.<\/span><\/li>\n<\/ul>\n<p><a href=\"https:\/\/solarity.eu\/wp-content\/uploads\/2026\/08\/Snimek-obrazovky-2026-08-04-v-9.27.09.png\"><img loading=\"lazy\" decoding=\"async\" class=\"size-medium wp-image-164876 aligncenter\" src=\"https:\/\/solarity.eu\/wp-content\/uploads\/2026\/08\/Snimek-obrazovky-2026-08-04-v-9.27.09-195x300.png\" alt=\"\" width=\"195\" height=\"300\" srcset=\"https:\/\/solarity.eu\/wp-content\/uploads\/2026\/08\/Snimek-obrazovky-2026-08-04-v-9.27.09-195x300.png 195w, https:\/\/solarity.eu\/wp-content\/uploads\/2026\/08\/Snimek-obrazovky-2026-08-04-v-9.27.09.png 487w\" sizes=\"(max-width: 195px) 100vw, 195px\" \/><\/a><\/p>\n<ul>\n<li style=\"font-weight: 400\"><b>Pytes:<\/b><span style=\"font-weight: 400\"> Expandiendo su presencia de manufactura global mientras innova con los sistemas de enfriamiento l\u00edquido PiStation y tecnolog\u00edas avanzadas de contacto en celdas.<\/span><\/li>\n<\/ul>\n<p><a href=\"https:\/\/solarity.eu\/wp-content\/uploads\/2026\/08\/Snimek-obrazovky-2026-08-04-v-9.29.34.png\"><img loading=\"lazy\" decoding=\"async\" class=\"size-medium wp-image-164887 aligncenter\" src=\"https:\/\/solarity.eu\/wp-content\/uploads\/2026\/08\/Snimek-obrazovky-2026-08-04-v-9.29.34-148x300.png\" alt=\"Pytes\" width=\"148\" height=\"300\" srcset=\"https:\/\/solarity.eu\/wp-content\/uploads\/2026\/08\/Snimek-obrazovky-2026-08-04-v-9.29.34-148x300.png 148w, https:\/\/solarity.eu\/wp-content\/uploads\/2026\/08\/Snimek-obrazovky-2026-08-04-v-9.29.34.png 360w\" sizes=\"(max-width: 148px) 100vw, 148px\" \/><\/a><\/p>\n<ul>\n<li style=\"font-weight: 400\"><b>EVE:<\/b><span style=\"font-weight: 400\"> Mantiene su posici\u00f3n como fabricante l\u00edder de celdas LiFePO4 de alta confiabilidad, equipando a muchos de los gabinetes de almacenamiento m\u00e1s importantes de la industria.<\/span><\/li>\n<\/ul>\n<p><a href=\"https:\/\/solarity.eu\/wp-content\/uploads\/2026\/08\/Snimek-obrazovky-2026-08-04-v-9.29.41.png\"><img loading=\"lazy\" decoding=\"async\" class=\"size-medium wp-image-164821 aligncenter\" src=\"https:\/\/solarity.eu\/wp-content\/uploads\/2026\/08\/Snimek-obrazovky-2026-08-04-v-9.29.41-300x134.png\" alt=\"Catl exhibition stand \" width=\"300\" height=\"134\" srcset=\"https:\/\/solarity.eu\/wp-content\/uploads\/2026\/08\/Snimek-obrazovky-2026-08-04-v-9.29.41-300x134.png 300w, https:\/\/solarity.eu\/wp-content\/uploads\/2026\/08\/Snimek-obrazovky-2026-08-04-v-9.29.41.png 622w\" sizes=\"(max-width: 300px) 100vw, 300px\" \/><\/a><\/p>\n<ul>\n<li style=\"font-weight: 400\"><b>Hithium:<\/b><span style=\"font-weight: 400\"> Demostr\u00f3 un liderazgo sobresaliente en I+D con prototipos de celdas de sodio de alta densidad de 164Ah y contenedores de capacidad masiva.<\/span><\/li>\n<li style=\"font-weight: 400\"><b>Envision:<\/b><span style=\"font-weight: 400\"> Destac\u00f3 avances importantes en el desarrollo de celdas de ion-sodio, marcando una alternativa tecnol\u00f3gica s\u00f3lida para los futuros proyectos a gran escala.<\/span><\/li>\n<\/ul>\n<p><a href=\"https:\/\/solarity.eu\/wp-content\/uploads\/2026\/08\/Snimek-obrazovky-2026-08-04-v-9.29.47.png\"><img loading=\"lazy\" decoding=\"async\" class=\"size-medium wp-image-164920 aligncenter\" src=\"https:\/\/solarity.eu\/wp-content\/uploads\/2026\/08\/Snimek-obrazovky-2026-08-04-v-9.29.47-300x134.png\" alt=\"\" width=\"300\" height=\"134\" srcset=\"https:\/\/solarity.eu\/wp-content\/uploads\/2026\/08\/Snimek-obrazovky-2026-08-04-v-9.29.47-300x134.png 300w, https:\/\/solarity.eu\/wp-content\/uploads\/2026\/08\/Snimek-obrazovky-2026-08-04-v-9.29.47.png 622w\" sizes=\"(max-width: 300px) 100vw, 300px\" \/><\/a><\/p>\n<p><\/p>\n<h3><b>Inversores Avanzados y Soluciones de Conversi\u00f3n de Potencia<br><\/b><\/h3>\n<ul>\n<li style=\"font-weight: 400\"><b>Deye:<\/b><span style=\"font-weight: 400\"> Present\u00f3 su 6.\u00aa generaci\u00f3n de inversores h\u00edbridos (LV) con un tama\u00f1o m\u00e1s compacto y capacidades masivas de hasta 125 kW. Sus soluciones modulares AC\/DC ESS y sus cargadores de veh\u00edculos el\u00e9ctricos de alta potencia se mantienen como referentes en el sector.<\/span><span style=\"font-weight: 400\"><br><\/span><a href=\"https:\/\/deyeinverter.com\/product\/hybrid-inverter\/hybrid-inverter-series-125kw.html\"><i><span style=\"font-weight: 400\"><img decoding=\"async\" role=\"img\" class=\"emoji\" alt=\"\ud83d\udcc4\" src=\"https:\/\/s.w.org\/images\/core\/emoji\/17.0.2\/svg\/1f4c4.svg\">&nbsp; Ver detalles del inversor h\u00edbrido Deye de 125 kW<br><\/span><\/i><\/a><\/li>\n<\/ul>\n<p><a href=\"https:\/\/solarity.eu\/wp-content\/uploads\/2026\/08\/Snimek-obrazovky-2026-08-04-v-9.30.00.png\"><img loading=\"lazy\" decoding=\"async\" class=\"size-medium wp-image-164931 aligncenter\" src=\"https:\/\/solarity.eu\/wp-content\/uploads\/2026\/08\/Snimek-obrazovky-2026-08-04-v-9.30.00-156x300.png\" alt=\"\" width=\"156\" height=\"300\" srcset=\"https:\/\/solarity.eu\/wp-content\/uploads\/2026\/08\/Snimek-obrazovky-2026-08-04-v-9.30.00-156x300.png 156w, https:\/\/solarity.eu\/wp-content\/uploads\/2026\/08\/Snimek-obrazovky-2026-08-04-v-9.30.00.png 352w\" sizes=\"(max-width: 156px) 100vw, 156px\" \/><\/a><\/p>\n<p><a href=\"https:\/\/solarity.eu\/wp-content\/uploads\/2026\/08\/Snimek-obrazovky-2026-08-04-v-9.30.37.png\"><img loading=\"lazy\" decoding=\"async\" class=\"size-medium wp-image-164942 aligncenter\" src=\"https:\/\/solarity.eu\/wp-content\/uploads\/2026\/08\/Snimek-obrazovky-2026-08-04-v-9.30.37-239x300.png\" alt=\"\" width=\"239\" height=\"300\" srcset=\"https:\/\/solarity.eu\/wp-content\/uploads\/2026\/08\/Snimek-obrazovky-2026-08-04-v-9.30.37-239x300.png 239w, https:\/\/solarity.eu\/wp-content\/uploads\/2026\/08\/Snimek-obrazovky-2026-08-04-v-9.30.37.png 601w\" sizes=\"(max-width: 239px) 100vw, 239px\" \/><\/a><\/p>\n<ul>\n<li style=\"font-weight: 400\"><b>GE-F256-BC-2-A3 (Orion E series):<\/b><span style=\"font-weight: 400\"> Almacenamiento de energ\u00eda en bater\u00eda para exterior de alta capacidad enfocado en aplicaciones Comerciales e Industriales (C&amp;I), con capacidad para cambiar el paquete de bater\u00edas despu\u00e9s de m\u00e1s de 1 a\u00f1o, balanceo de doble nivel, 8000 ciclos, IP55, enfriamiento por aire y almacenamiento de hasta 2.57 MWh.<\/span><\/li>\n<\/ul>\n<p><a href=\"https:\/\/solarity.eu\/wp-content\/uploads\/2026\/08\/Snimek-obrazovky-2026-08-04-v-9.30.45.png\"><img loading=\"lazy\" decoding=\"async\" class=\"size-medium wp-image-164953 aligncenter\" src=\"https:\/\/solarity.eu\/wp-content\/uploads\/2026\/08\/Snimek-obrazovky-2026-08-04-v-9.30.45-228x300.png\" alt=\"\" width=\"228\" height=\"300\" srcset=\"https:\/\/solarity.eu\/wp-content\/uploads\/2026\/08\/Snimek-obrazovky-2026-08-04-v-9.30.45-228x300.png 228w, https:\/\/solarity.eu\/wp-content\/uploads\/2026\/08\/Snimek-obrazovky-2026-08-04-v-9.30.45.png 524w\" sizes=\"(max-width: 228px) 100vw, 228px\" \/><\/a><\/p>\n<ul>\n<li style=\"font-weight: 400\"><b>KSTAR:<\/b><span style=\"font-weight: 400\"> Destac\u00f3 sus inversores string para escala <\/span><i><span style=\"font-weight: 400\">utility<\/span><\/i><span style=\"font-weight: 400\"> de 465 kW junto con sus soluciones de almacenamiento de energ\u00eda C&amp;I BluePulse. Nuestra alianza asegura una capacidad s\u00f3lida para desarrollos a gran escala.<\/span><\/li>\n<\/ul>\n<p><a href=\"https:\/\/solarity.eu\/wp-content\/uploads\/2026\/08\/Snimek-obrazovky-2026-08-04-v-9.30.54.png\"><img loading=\"lazy\" decoding=\"async\" class=\"size-medium wp-image-164964 aligncenter\" src=\"https:\/\/solarity.eu\/wp-content\/uploads\/2026\/08\/Snimek-obrazovky-2026-08-04-v-9.30.54-300x198.png\" alt=\"\" width=\"300\" height=\"198\" srcset=\"https:\/\/solarity.eu\/wp-content\/uploads\/2026\/08\/Snimek-obrazovky-2026-08-04-v-9.30.54-300x198.png 300w, https:\/\/solarity.eu\/wp-content\/uploads\/2026\/08\/Snimek-obrazovky-2026-08-04-v-9.30.54-700x463.png 700w, https:\/\/solarity.eu\/wp-content\/uploads\/2026\/08\/Snimek-obrazovky-2026-08-04-v-9.30.54.png 764w\" sizes=\"(max-width: 300px) 100vw, 300px\" \/><\/a><\/p>\n<ul>\n<li style=\"font-weight: 400\"><b>Solis:<\/b><span style=\"font-weight: 400\"> Hizo \u00e9nfasis en sus tecnolog\u00edas Evercore ESS con capacidades de conmutaci\u00f3n fluida de hasta 1.25 MW, consolidando su liderazgo en arquitecturas comerciales.&nbsp;<\/span><\/li>\n<\/ul>\n<p><a href=\"https:\/\/solarity.eu\/wp-content\/uploads\/2026\/08\/Snimek-obrazovky-2026-08-04-v-9.31.07.png\"><img loading=\"lazy\" decoding=\"async\" class=\"size-medium wp-image-164975 aligncenter\" src=\"https:\/\/solarity.eu\/wp-content\/uploads\/2026\/08\/Snimek-obrazovky-2026-08-04-v-9.31.07-222x300.png\" alt=\"Solis\" width=\"222\" height=\"300\" srcset=\"https:\/\/solarity.eu\/wp-content\/uploads\/2026\/08\/Snimek-obrazovky-2026-08-04-v-9.31.07-222x300.png 222w, https:\/\/solarity.eu\/wp-content\/uploads\/2026\/08\/Snimek-obrazovky-2026-08-04-v-9.31.07.png 527w\" sizes=\"(max-width: 222px) 100vw, 222px\" \/><\/a><\/p>\n<ul>\n<li style=\"font-weight: 400\"><b>FoxESS:<\/b><span style=\"font-weight: 400\"> Present\u00f3 los gabinetes G-MAX de enfriamiento l\u00edquido con EMS integrado para gesti\u00f3n avanzada de picos de demanda (<\/span><i><span style=\"font-weight: 400\">peak shaving<\/span><\/i><span style=\"font-weight: 400\">), complementados por inversores h\u00edbridos de 125 kW altamente vers\u00e1tiles capaces de gestionar m\u00faltiples entradas de bater\u00eda.&nbsp;<\/span><\/li>\n<li style=\"font-weight: 400\"><b>Sinexel:<\/b><span style=\"font-weight: 400\"> Exhibi\u00f3 soluciones PCS especializadas para formaci\u00f3n de red (<\/span><i><span style=\"font-weight: 400\">grid-forming<\/span><\/i><span style=\"font-weight: 400\">) capaces de realizar conmutaciones sin interrupciones en arquitecturas multimegavatio, ideales para microredes complejas.&nbsp;<\/span><\/li>\n<li style=\"font-weight: 400\"><b>Victron:<\/b><span style=\"font-weight: 400\"> Continuamos fortaleciendo nuestra larga relaci\u00f3n, asegurando componentes de primera l\u00ednea para sistemas aislados (<\/span><i><span style=\"font-weight: 400\">off-grid<\/span><\/i><span style=\"font-weight: 400\">) e h\u00edbridos complejos destinados a proyectos especializados a nivel mundial.&nbsp;<\/span><\/li>\n<li style=\"font-weight: 400\"><b>Fronius:<\/b><span style=\"font-weight: 400\"> Se mantiene como un socio estrat\u00e9gico firme, enfocado en la reconocida calidad europea y disponibilidad constante para aplicaciones de inversores comerciales.<\/span><\/li>\n<\/ul>\n<h3>&nbsp;<\/h3>\n<h3><b>Componentes e Infraestructura Especializada<br><\/b><\/h3>\n<ul>\n<li style=\"font-weight: 400\"><b>Prysmian:<\/b><span style=\"font-weight: 400\"> Como fabricante de cableado de primer nivel, evaluamos soluciones avanzadas de cableado DC dise\u00f1adas espec\u00edficamente para bombeo solar de alta carga y configuraciones complejas de arreglos fotovoltaicos.<\/span><\/li>\n<li style=\"font-weight: 400\"><b>STAUBLI:<\/b><span style=\"font-weight: 400\"> Reconocidos por sus conectores MC4, que son el est\u00e1ndar de la industria; nuestra alianza garantiza que nuestros socios EPC tengan acceso a la infraestructura de conexi\u00f3n DC m\u00e1s segura y confiable del mercado.<\/span><\/li>\n<li style=\"font-weight: 400\"><b>Weidm\u00fcller:<\/b><span style=\"font-weight: 400\"> Present\u00f3 configuraciones de hardware y software excepcionales para Servicios Auxiliares (<\/span><i><span style=\"font-weight: 400\">Ancillary Services<\/span><\/i><span style=\"font-weight: 400\"> FCR\/SVR), asegurando el cumplimiento de la normativa europea y un control optimizado en la retroalimentaci\u00f3n a la red.<\/span><\/li>\n<li style=\"font-weight: 400\"><a href=\"https:\/\/solarity.eu\/wp-content\/uploads\/2026\/08\/Snimek-obrazovky-2026-08-04-v-9.31.17.png\"><img loading=\"lazy\" decoding=\"async\" class=\"alignnone size-medium wp-image-164986\" src=\"https:\/\/solarity.eu\/wp-content\/uploads\/2026\/08\/Snimek-obrazovky-2026-08-04-v-9.31.17-225x300.png\" alt=\"Weidm\u00fcller\" width=\"225\" height=\"300\" srcset=\"https:\/\/solarity.eu\/wp-content\/uploads\/2026\/08\/Snimek-obrazovky-2026-08-04-v-9.31.17-225x300.png 225w, https:\/\/solarity.eu\/wp-content\/uploads\/2026\/08\/Snimek-obrazovky-2026-08-04-v-9.31.17.png 469w\" sizes=\"(max-width: 225px) 100vw, 225px\" \/><\/a><\/li>\n<li style=\"font-weight: 400\"><b>Midea Energy:<\/b><span style=\"font-weight: 400\"> Detall\u00f3 soluciones comerciales integrales que abarcan desde medidores, interruptores y transformadores hasta unidades completas de PCS.<\/span><\/li>\n<\/ul>\n<h2>&nbsp;<\/h2>\n<h2><b>Impulsando su Pr\u00f3ximo Proyecto<br><\/b><\/h2>\n<p>La presencia activa y profunda de Solarity en SNEC e Intersolar garantiza que nuestros clientes EPC permanezcan siempre a la vanguardia de la tecnolog\u00eda fotovoltaica. Al asegurar canales de suministro estables, negociar l\u00edneas de soporte t\u00e9cnico s\u00f3lidas y validar la capacidad de integraci\u00f3n de estas marcas de primer nivel, eliminamos las fricciones en la cadena de suministro. A medida que aumenta la capacidad de los contenedores de almacenamiento y se escala la potencia de los inversores, Solarity est\u00e1 totalmente preparada para suministrar las soluciones de alta densidad y listas para redes inteligentes que exigen sus proyectos de escala multimegavatio.<\/p>\t\t\t\t\t\t\t\t<\/div>\n\t\t\t\t<\/div>\n\t\t\t\t\t<\/div>\n\t\t<\/div>\n\t\t\t\t\t<\/div>\n\t\t<\/section>\n\t\t\t\t<section class=\"elementor-section elementor-top-section elementor-element elementor-element-02b8063 elementor-section-boxed elementor-section-height-default elementor-section-height-default parallax_section_no qode_elementor_container_no\" data-id=\"02b8063\" data-element_type=\"section\" data-e-type=\"section\">\n\t\t\t\t\t\t<div class=\"elementor-container elementor-column-gap-default\">\n\t\t\t\t\t<div class=\"elementor-column elementor-col-100 elementor-top-column elementor-element elementor-element-a0cccb8\" data-id=\"a0cccb8\" data-element_type=\"column\" data-e-type=\"column\">\n\t\t\t<div class=\"elementor-widget-wrap elementor-element-populated\">\n\t\t\t\t\t\t<div class=\"elementor-element elementor-element-4dd99fd elementor-widget elementor-widget-template\" data-id=\"4dd99fd\" data-element_type=\"widget\" data-e-type=\"widget\" data-widget_type=\"template.default\">\n\t\t\t\t<div class=\"elementor-widget-container\">\n\t\t\t\t\t\t\t<div class=\"elementor-template\">\n\t\t\t\t\t<div data-elementor-type=\"page\" data-elementor-id=\"36102\" class=\"elementor elementor-36102\" data-elementor-post-type=\"elementor_library\">\n\t\t\t\t\t\t<section class=\"elementor-section elementor-top-section elementor-element elementor-element-3617038 elementor-section-boxed elementor-section-height-default elementor-section-height-default parallax_section_no qode_elementor_container_no\" data-id=\"3617038\" data-element_type=\"section\" data-e-type=\"section\">\n\t\t\t\t\t\t<div class=\"elementor-container elementor-column-gap-default\">\n\t\t\t\t\t<div class=\"elementor-column elementor-col-100 elementor-top-column elementor-element elementor-element-827965f\" data-id=\"827965f\" data-element_type=\"column\" data-e-type=\"column\">\n\t\t\t<div class=\"elementor-widget-wrap elementor-element-populated\">\n\t\t\t\t\t\t<div class=\"elementor-element elementor-element-99f450f elementor-widget elementor-widget-wp-widget-recent-posts\" data-id=\"99f450f\" data-element_type=\"widget\" data-e-type=\"widget\" data-widget_type=\"wp-widget-recent-posts.default\">\n\t\t\t\t<div class=\"elementor-widget-container\">\n\t\t\t\t\t\n\t\t\n\t\t<h5>Posts you might like:<\/h5>\n\t\t<ul>\n\t\t\t\t\t\t\t\t\t\t\t<li>\n\t\t\t\t\t<a href=\"https:\/\/solarity.eu\/es\/blog\/perspectivas-e-impresiones-de-snec-e-intersolar-2026\/\">Perspectivas e Impresiones de SNEC e Intersolar 2026<\/a>\n\t\t\t\t\t\t\t\t\t<\/li>\n\t\t\t\t\t\t\t\t\t\t\t<li>\n\t\t\t\t\t<a href=\"https:\/\/solarity.eu\/es\/blog\/guia-completa-de-inversores-solares-solis-a-220v\/\">Gu\u00eda Completa de Inversores Solares Solis a 220V<\/a>\n\t\t\t\t\t\t\t\t\t<\/li>\n\t\t\t\t\t\t\t\t\t\t\t<li>\n\t\t\t\t\t<a href=\"https:\/\/solarity.eu\/es\/blog\/proyectos-comerciales-de-almacenamiento-de-energia\/\">Proyectos comerciales de almacenamiento de energ\u00eda en bater\u00edas con respaldo<\/a>\n\t\t\t\t\t\t\t\t\t<\/li>\n\t\t\t\t\t\t\t\t\t\t\t<li>\n\t\t\t\t\t<a href=\"https:\/\/solarity.eu\/es\/blog\/modulos-fotovoltaicos-canadian-solar-tipo-n-topcon\/\">M\u00f3dulos fotovoltaicos Canadian Solar tipo N Topcon<\/a>\n\t\t\t\t\t\t\t\t\t<\/li>\n\t\t\t\t\t\t\t\t\t\t\t<li>\n\t\t\t\t\t<a href=\"https:\/\/solarity.eu\/es\/blog\/inversores-on-grid-e-hibridos-deye-funcionalidades-y-ventajas\/\">Inversores on-grid e h\u00edbridos Deye, funcionalidades y ventajas<\/a>\n\t\t\t\t\t\t\t\t\t<\/li>\n\t\t\t\t\t<\/ul>\n\n\t\t\t\t\t\t<\/div>\n\t\t\t\t<\/div>\n\t\t\t\t\t<\/div>\n\t\t<\/div>\n\t\t\t\t\t<\/div>\n\t\t<\/section>\n\t\t\t\t<section class=\"elementor-section elementor-top-section elementor-element elementor-element-79dc3f5c elementor-section-boxed elementor-section-height-default elementor-section-height-default parallax_section_no qode_elementor_container_no\" data-id=\"79dc3f5c\" data-element_type=\"section\" data-e-type=\"section\">\n\t\t\t\t\t\t<div class=\"elementor-container elementor-column-gap-default\">\n\t\t\t\t\t<div class=\"elementor-column elementor-col-100 elementor-top-column elementor-element elementor-element-458b8362\" data-id=\"458b8362\" data-element_type=\"column\" data-e-type=\"column\">\n\t\t\t<div class=\"elementor-widget-wrap elementor-element-populated\">\n\t\t\t\t\t\t<div class=\"elementor-element elementor-element-54d03992 elementor-widget-divider--view-line elementor-widget elementor-widget-divider\" data-id=\"54d03992\" data-element_type=\"widget\" data-e-type=\"widget\" data-widget_type=\"divider.default\">\n\t\t\t\t<div class=\"elementor-widget-container\">\n\t\t\t\t\t\t\t<div class=\"elementor-divider\">\n\t\t\t<span class=\"elementor-divider-separator\">\n\t\t\t\t\t\t<\/span>\n\t\t<\/div>\n\t\t\t\t\t\t<\/div>\n\t\t\t\t<\/div>\n\t\t\t\t\t<\/div>\n\t\t<\/div>\n\t\t\t\t\t<\/div>\n\t\t<\/section>\n\t\t\t\t<section class=\"elementor-section elementor-inner-section elementor-element elementor-element-22f8b576 elementor-section-boxed elementor-section-height-default elementor-section-height-default parallax_section_no qode_elementor_container_no\" data-id=\"22f8b576\" data-element_type=\"section\" data-e-type=\"section\">\n\t\t\t\t\t\t<div class=\"elementor-container elementor-column-gap-default\">\n\t\t\t\t\t<div class=\"elementor-column elementor-col-33 elementor-inner-column elementor-element elementor-element-28ebff28\" data-id=\"28ebff28\" data-element_type=\"column\" data-e-type=\"column\">\n\t\t\t<div class=\"elementor-widget-wrap elementor-element-populated\">\n\t\t\t\t\t\t<div class=\"elementor-element elementor-element-7fdc2c95 elementor-hidden-mobile elementor-widget elementor-widget-image\" data-id=\"7fdc2c95\" data-element_type=\"widget\" data-e-type=\"widget\" data-widget_type=\"image.default\">\n\t\t\t\t<div class=\"elementor-widget-container\">\n\t\t\t\t\t\t\t\t\t\t\t\t\t\t\t<img loading=\"lazy\" decoding=\"async\" width=\"150\" height=\"150\" src=\"https:\/\/solarity.eu\/wp-content\/uploads\/2022\/02\/ikona_NL-150x150.png\" class=\"attachment-thumbnail size-thumbnail wp-image-34718\" alt=\"\" srcset=\"https:\/\/solarity.eu\/wp-content\/uploads\/2022\/02\/ikona_NL-150x150.png 150w, https:\/\/solarity.eu\/wp-content\/uploads\/2022\/02\/ikona_NL-300x300.png 300w, https:\/\/solarity.eu\/wp-content\/uploads\/2022\/02\/ikona_NL-570x570.png 570w, https:\/\/solarity.eu\/wp-content\/uploads\/2022\/02\/ikona_NL-500x500.png 500w, https:\/\/solarity.eu\/wp-content\/uploads\/2022\/02\/ikona_NL.png 600w\" sizes=\"(max-width: 150px) 100vw, 150px\" \/>\t\t\t\t\t\t\t\t\t\t\t\t\t\t\t<\/div>\n\t\t\t\t<\/div>\n\t\t\t\t\t<\/div>\n\t\t<\/div>\n\t\t\t\t<div class=\"elementor-column elementor-col-66 elementor-inner-column elementor-element elementor-element-2ca60a7c\" data-id=\"2ca60a7c\" data-element_type=\"column\" data-e-type=\"column\">\n\t\t\t<div class=\"elementor-widget-wrap elementor-element-populated\">\n\t\t\t\t\t\t<div class=\"elementor-element elementor-element-28a19d22 elementor-widget elementor-widget-text-editor\" data-id=\"28a19d22\" data-element_type=\"widget\" data-e-type=\"widget\" data-widget_type=\"text-editor.default\">\n\t\t\t\t<div class=\"elementor-widget-container\">\n\t\t\t\t\t\t\t\t\t<p style=\"color: #54595f;font-size: 2em;font-weight: 400\">Subscribe to our newsletter<\/p><p style=\"color: #54595f;font-size: 1.2em;font-weight: 300\">so that you don\u2019t miss any news!<\/p>\t\t\t\t\t\t\t\t<\/div>\n\t\t\t\t<\/div>\n\t\t\t\t<div class=\"elementor-element elementor-element-44509d04 elementor-button-align-center elementor-widget elementor-widget-form\" data-id=\"44509d04\" data-element_type=\"widget\" data-e-type=\"widget\" data-settings=\"{&quot;button_width&quot;:&quot;30&quot;,&quot;step_next_label&quot;:&quot;Next&quot;,&quot;step_previous_label&quot;:&quot;Previous&quot;,&quot;step_type&quot;:&quot;number_text&quot;,&quot;step_icon_shape&quot;:&quot;circle&quot;}\" data-widget_type=\"form.default\">\n\t\t\t\t<div class=\"elementor-widget-container\">\n\t\t\t\t\t\t\t<form class=\"elementor-form\" method=\"post\" id=\"thank_you_en\" name=\"Newsletter EN\" aria-label=\"Newsletter EN\">\n\t\t\t<input type=\"hidden\" name=\"post_id\" value=\"36102\"\/>\n\t\t\t<input type=\"hidden\" name=\"form_id\" value=\"44509d04\"\/>\n\t\t\t<input type=\"hidden\" name=\"referer_title\" value=\"Nap\u00e1jen\u00ed z\u00edt\u0159ka: Epick\u00e1 cesta projektu 10 MWh baterie v Ma\u010farsku | Solarity \u2013\u2060 distributor and wholesaler of photovoltaic systems\" \/>\n\n\t\t\t\t\t\t\t<input type=\"hidden\" name=\"queried_id\" value=\"164044\"\/>\n\t\t\t\n\t\t\t<div class=\"elementor-form-fields-wrapper elementor-labels-\">\n\t\t\t\t\t\t\t\t<div class=\"elementor-field-type-email elementor-field-group elementor-column elementor-field-group-email elementor-col-70 elementor-field-required\">\n\t\t\t\t\t\t\t\t\t\t\t\t\t<input size=\"1\" type=\"email\" name=\"form_fields[email]\" id=\"form-field-email\" class=\"elementor-field elementor-size-md  elementor-field-textual\" placeholder=\"Enter your e-mail address\" required=\"required\">\n\t\t\t\t\t\t\t\t\t\t\t<\/div>\n\t\t\t\t\t\t\t\t<div class=\"elementor-field-group elementor-column elementor-field-type-submit elementor-col-30 e-form__buttons\">\n\t\t\t\t\t<button class=\"elementor-button elementor-size-sm\" type=\"submit\" id=\"en_button_sub\">\n\t\t\t\t\t\t<span class=\"elementor-button-content-wrapper\">\n\t\t\t\t\t\t\t\t\t\t\t\t\t\t\t\t\t\t\t\t\t\t<span class=\"elementor-button-text\">SUBSCRIBE<\/span>\n\t\t\t\t\t\t\t\t\t\t\t\t\t<\/span>\n\t\t\t\t\t<\/button>\n\t\t\t\t<\/div>\n\t\t\t<\/div>\n\t\t<\/form>\n\t\t\t\t\t\t<\/div>\n\t\t\t\t<\/div>\n\t\t\t\t\t<\/div>\n\t\t<\/div>\n\t\t\t\t\t<\/div>\n\t\t<\/section>\n\t\t\t\t<\/div>\n\t\t\t\t<\/div>\n\t\t\t\t\t\t<\/div>\n\t\t\t\t<\/div>\n\t\t\t\t\t<\/div>\n\t\t<\/div>\n\t\t\t\t\t<\/div>\n\t\t<\/section>\n\t\t\t\t<\/div>\n\t\t","protected":false},"excerpt":{"rendered":"<p>A medida que la transici\u00f3n global hacia las energ\u00edas renovables se acelera, la demanda de soluciones solares de gran capacidad, profundamente integradas y tecnol\u00f3gicamente avanzadas es m\u00e1s alta que nunca. Como cada a\u00f1o, el equipo de Solarity asisti\u00f3 a los dos eventos m\u00e1s prestigiosos del&#8230;<\/p>\n","protected":false},"author":52,"featured_media":164863,"comment_status":"closed","ping_status":"closed","sticky":false,"template":"","format":"standard","meta":{"footnotes":""},"categories":[1754,1741],"tags":[],"class_list":["post-165054","post","type-post","status-publish","format-standard","has-post-thumbnail","hentry","category-noticias-de-solarity","category-sin-categorizar"],"yoast_head":"<!-- This site is optimized with the Yoast SEO Premium plugin v25.6 (Yoast SEO v28.1) - https:\/\/yoast.com\/product\/yoast-seo-premium-wordpress\/ -->\n<title>Perspectivas e Impresiones de SNEC e Intersolar 2026 - Solarity<\/title>\n<meta name=\"robots\" content=\"index, follow, max-snippet:-1, max-image-preview:large, max-video-preview:-1\" \/>\n<link rel=\"canonical\" href=\"https:\/\/solarity.eu\/es\/blog\/perspectivas-e-impresiones-de-snec-e-intersolar-2026\/\" \/>\n<meta property=\"og:locale\" content=\"es_ES\" \/>\n<meta property=\"og:type\" content=\"article\" \/>\n<meta property=\"og:title\" content=\"Perspectivas e Impresiones de SNEC e Intersolar 2026\" \/>\n<meta property=\"og:description\" content=\"A medida que la transici\u00f3n global hacia las energ\u00edas renovables se acelera, la demanda de soluciones solares de gran capacidad, profundamente integradas y tecnol\u00f3gicamente avanzadas es m\u00e1s alta que nunca. Como cada a\u00f1o, el equipo de Solarity asisti\u00f3 a los dos eventos m\u00e1s prestigiosos del...\" \/>\n<meta property=\"og:url\" content=\"https:\/\/solarity.eu\/es\/blog\/perspectivas-e-impresiones-de-snec-e-intersolar-2026\/\" \/>\n<meta property=\"og:site_name\" content=\"Solarity\" \/>\n<meta property=\"article:publisher\" content=\"https:\/\/www.facebook.com\/solaritycz\/\" \/>\n<meta property=\"article:published_time\" content=\"2026-08-06T12:59:40+00:00\" \/>\n<meta property=\"article:modified_time\" content=\"2026-09-04T20:40:22+00:00\" \/>\n<meta property=\"og:image\" content=\"https:\/\/solarity.eu\/wp-content\/uploads\/2026\/08\/Snimek-obrazovky-2026-08-04-v-9.26.52.png\" \/>\n\t<meta property=\"og:image:width\" content=\"606\" \/>\n\t<meta property=\"og:image:height\" content=\"406\" \/>\n\t<meta property=\"og:image:type\" content=\"image\/png\" \/>\n<meta name=\"author\" content=\"Ane\u017eka Jir\u00e1\u0148ov\u00e1\" \/>\n<meta name=\"twitter:card\" content=\"summary_large_image\" \/>\n<meta name=\"twitter:label1\" content=\"Escrito por\" \/>\n\t<meta name=\"twitter:data1\" content=\"Ane\u017eka Jir\u00e1\u0148ov\u00e1\" \/>\n\t<meta name=\"twitter:label2\" content=\"Tiempo de lectura\" \/>\n\t<meta name=\"twitter:data2\" content=\"13 minutos\" \/>\n<script type=\"application\/ld+json\" class=\"yoast-schema-graph\">{\"@context\":\"https:\\\/\\\/schema.org\",\"@graph\":[{\"@type\":\"Article\",\"@id\":\"https:\\\/\\\/solarity.eu\\\/es\\\/blog\\\/perspectivas-e-impresiones-de-snec-e-intersolar-2026\\\/#article\",\"isPartOf\":{\"@id\":\"https:\\\/\\\/solarity.eu\\\/es\\\/blog\\\/perspectivas-e-impresiones-de-snec-e-intersolar-2026\\\/\"},\"author\":{\"name\":\"Ane\u017eka Jir\u00e1\u0148ov\u00e1\",\"@id\":\"https:\\\/\\\/solarity.eu\\\/es\\\/#\\\/schema\\\/person\\\/ef3b2a99824c9955f977f083a70f39e1\"},\"headline\":\"Perspectivas e Impresiones de SNEC e Intersolar 2026\",\"datePublished\":\"2026-08-06T12:59:40+00:00\",\"dateModified\":\"2026-09-04T20:40:22+00:00\",\"mainEntityOfPage\":{\"@id\":\"https:\\\/\\\/solarity.eu\\\/es\\\/blog\\\/perspectivas-e-impresiones-de-snec-e-intersolar-2026\\\/\"},\"wordCount\":1545,\"publisher\":{\"@id\":\"https:\\\/\\\/solarity.eu\\\/es\\\/#organization\"},\"image\":{\"@id\":\"https:\\\/\\\/solarity.eu\\\/es\\\/blog\\\/perspectivas-e-impresiones-de-snec-e-intersolar-2026\\\/#primaryimage\"},\"thumbnailUrl\":\"https:\\\/\\\/solarity.eu\\\/wp-content\\\/uploads\\\/2026\\\/08\\\/Snimek-obrazovky-2026-08-04-v-9.26.52.png\",\"articleSection\":[\"Noticias de Solarity\",\"Sin categorizar\"],\"inLanguage\":\"es\"},{\"@type\":\"WebPage\",\"@id\":\"https:\\\/\\\/solarity.eu\\\/es\\\/blog\\\/perspectivas-e-impresiones-de-snec-e-intersolar-2026\\\/\",\"url\":\"https:\\\/\\\/solarity.eu\\\/es\\\/blog\\\/perspectivas-e-impresiones-de-snec-e-intersolar-2026\\\/\",\"name\":\"Perspectivas e Impresiones de SNEC e Intersolar 2026 - Solarity\",\"isPartOf\":{\"@id\":\"https:\\\/\\\/solarity.eu\\\/es\\\/#website\"},\"primaryImageOfPage\":{\"@id\":\"https:\\\/\\\/solarity.eu\\\/es\\\/blog\\\/perspectivas-e-impresiones-de-snec-e-intersolar-2026\\\/#primaryimage\"},\"image\":{\"@id\":\"https:\\\/\\\/solarity.eu\\\/es\\\/blog\\\/perspectivas-e-impresiones-de-snec-e-intersolar-2026\\\/#primaryimage\"},\"thumbnailUrl\":\"https:\\\/\\\/solarity.eu\\\/wp-content\\\/uploads\\\/2026\\\/08\\\/Snimek-obrazovky-2026-08-04-v-9.26.52.png\",\"datePublished\":\"2026-08-06T12:59:40+00:00\",\"dateModified\":\"2026-09-04T20:40:22+00:00\",\"breadcrumb\":{\"@id\":\"https:\\\/\\\/solarity.eu\\\/es\\\/blog\\\/perspectivas-e-impresiones-de-snec-e-intersolar-2026\\\/#breadcrumb\"},\"inLanguage\":\"es\",\"potentialAction\":[{\"@type\":\"ReadAction\",\"target\":[\"https:\\\/\\\/solarity.eu\\\/es\\\/blog\\\/perspectivas-e-impresiones-de-snec-e-intersolar-2026\\\/\"]}]},{\"@type\":\"ImageObject\",\"inLanguage\":\"es\",\"@id\":\"https:\\\/\\\/solarity.eu\\\/es\\\/blog\\\/perspectivas-e-impresiones-de-snec-e-intersolar-2026\\\/#primaryimage\",\"url\":\"https:\\\/\\\/solarity.eu\\\/wp-content\\\/uploads\\\/2026\\\/08\\\/Snimek-obrazovky-2026-08-04-v-9.26.52.png\",\"contentUrl\":\"https:\\\/\\\/solarity.eu\\\/wp-content\\\/uploads\\\/2026\\\/08\\\/Snimek-obrazovky-2026-08-04-v-9.26.52.png\",\"width\":606,\"height\":406,\"caption\":\"Repr battero stand at expo\"},{\"@type\":\"BreadcrumbList\",\"@id\":\"https:\\\/\\\/solarity.eu\\\/es\\\/blog\\\/perspectivas-e-impresiones-de-snec-e-intersolar-2026\\\/#breadcrumb\",\"itemListElement\":[{\"@type\":\"ListItem\",\"position\":1,\"name\":\"Home\",\"item\":\"https:\\\/\\\/solarity.eu\\\/es\\\/homepage\\\/\"},{\"@type\":\"ListItem\",\"position\":2,\"name\":\"Perspectivas e Impresiones de SNEC e Intersolar 2026\"}]},{\"@type\":\"WebSite\",\"@id\":\"https:\\\/\\\/solarity.eu\\\/es\\\/#website\",\"url\":\"https:\\\/\\\/solarity.eu\\\/es\\\/\",\"name\":\"Solarity\",\"description\":\"Distributor and wholesaler of photovoltaic systems\",\"publisher\":{\"@id\":\"https:\\\/\\\/solarity.eu\\\/es\\\/#organization\"},\"potentialAction\":[{\"@type\":\"SearchAction\",\"target\":{\"@type\":\"EntryPoint\",\"urlTemplate\":\"https:\\\/\\\/solarity.eu\\\/es\\\/?s={search_term_string}\"},\"query-input\":{\"@type\":\"PropertyValueSpecification\",\"valueRequired\":true,\"valueName\":\"search_term_string\"}}],\"inLanguage\":\"es\"},{\"@type\":\"Organization\",\"@id\":\"https:\\\/\\\/solarity.eu\\\/es\\\/#organization\",\"name\":\"Solarity\",\"url\":\"https:\\\/\\\/solarity.eu\\\/es\\\/\",\"logo\":{\"@type\":\"ImageObject\",\"inLanguage\":\"es\",\"@id\":\"https:\\\/\\\/solarity.eu\\\/es\\\/#\\\/schema\\\/logo\\\/image\\\/\",\"url\":\"https:\\\/\\\/solarity.eu\\\/wp-content\\\/uploads\\\/2020\\\/08\\\/Solarity_Logo_new.jpg\",\"contentUrl\":\"https:\\\/\\\/solarity.eu\\\/wp-content\\\/uploads\\\/2020\\\/08\\\/Solarity_Logo_new.jpg\",\"width\":364,\"height\":59,\"caption\":\"Solarity\"},\"image\":{\"@id\":\"https:\\\/\\\/solarity.eu\\\/es\\\/#\\\/schema\\\/logo\\\/image\\\/\"},\"sameAs\":[\"https:\\\/\\\/www.facebook.com\\\/solaritycz\\\/\"]},{\"@type\":\"Person\",\"@id\":\"https:\\\/\\\/solarity.eu\\\/es\\\/#\\\/schema\\\/person\\\/ef3b2a99824c9955f977f083a70f39e1\",\"name\":\"Ane\u017eka Jir\u00e1\u0148ov\u00e1\",\"image\":{\"@type\":\"ImageObject\",\"inLanguage\":\"es\",\"@id\":\"https:\\\/\\\/secure.gravatar.com\\\/avatar\\\/bb8fc2050f490869b9701ac41e773d778274b25b6b86f974cc7854dd20d5b569?s=96&d=mm&r=g\",\"url\":\"https:\\\/\\\/secure.gravatar.com\\\/avatar\\\/bb8fc2050f490869b9701ac41e773d778274b25b6b86f974cc7854dd20d5b569?s=96&d=mm&r=g\",\"contentUrl\":\"https:\\\/\\\/secure.gravatar.com\\\/avatar\\\/bb8fc2050f490869b9701ac41e773d778274b25b6b86f974cc7854dd20d5b569?s=96&d=mm&r=g\",\"caption\":\"Ane\u017eka Jir\u00e1\u0148ov\u00e1\"},\"url\":\"https:\\\/\\\/solarity.eu\\\/es\\\/blog\\\/author\\\/anezka\\\/\"}]}<\/script>\n<!-- \/ Yoast SEO Premium plugin. -->","yoast_head_json":{"title":"Perspectivas e Impresiones de SNEC e Intersolar 2026 - Solarity","robots":{"index":"index","follow":"follow","max-snippet":"max-snippet:-1","max-image-preview":"max-image-preview:large","max-video-preview":"max-video-preview:-1"},"canonical":"https:\/\/solarity.eu\/es\/blog\/perspectivas-e-impresiones-de-snec-e-intersolar-2026\/","og_locale":"es_ES","og_type":"article","og_title":"Perspectivas e Impresiones de SNEC e Intersolar 2026","og_description":"A medida que la transici\u00f3n global hacia las energ\u00edas renovables se acelera, la demanda de soluciones solares de gran capacidad, profundamente integradas y tecnol\u00f3gicamente avanzadas es m\u00e1s alta que nunca. Como cada a\u00f1o, el equipo de Solarity asisti\u00f3 a los dos eventos m\u00e1s prestigiosos del...","og_url":"https:\/\/solarity.eu\/es\/blog\/perspectivas-e-impresiones-de-snec-e-intersolar-2026\/","og_site_name":"Solarity","article_publisher":"https:\/\/www.facebook.com\/solaritycz\/","article_published_time":"2026-08-06T12:59:40+00:00","article_modified_time":"2026-09-04T20:40:22+00:00","og_image":[{"width":606,"height":406,"url":"https:\/\/solarity.eu\/wp-content\/uploads\/2026\/08\/Snimek-obrazovky-2026-08-04-v-9.26.52.png","type":"image\/png"}],"author":"Ane\u017eka Jir\u00e1\u0148ov\u00e1","twitter_card":"summary_large_image","twitter_misc":{"Escrito por":"Ane\u017eka Jir\u00e1\u0148ov\u00e1","Tiempo de lectura":"13 minutos"},"schema":{"@context":"https:\/\/schema.org","@graph":[{"@type":"Article","@id":"https:\/\/solarity.eu\/es\/blog\/perspectivas-e-impresiones-de-snec-e-intersolar-2026\/#article","isPartOf":{"@id":"https:\/\/solarity.eu\/es\/blog\/perspectivas-e-impresiones-de-snec-e-intersolar-2026\/"},"author":{"name":"Ane\u017eka Jir\u00e1\u0148ov\u00e1","@id":"https:\/\/solarity.eu\/es\/#\/schema\/person\/ef3b2a99824c9955f977f083a70f39e1"},"headline":"Perspectivas e Impresiones de SNEC e Intersolar 2026","datePublished":"2026-08-06T12:59:40+00:00","dateModified":"2026-09-04T20:40:22+00:00","mainEntityOfPage":{"@id":"https:\/\/solarity.eu\/es\/blog\/perspectivas-e-impresiones-de-snec-e-intersolar-2026\/"},"wordCount":1545,"publisher":{"@id":"https:\/\/solarity.eu\/es\/#organization"},"image":{"@id":"https:\/\/solarity.eu\/es\/blog\/perspectivas-e-impresiones-de-snec-e-intersolar-2026\/#primaryimage"},"thumbnailUrl":"https:\/\/solarity.eu\/wp-content\/uploads\/2026\/08\/Snimek-obrazovky-2026-08-04-v-9.26.52.png","articleSection":["Noticias de Solarity","Sin categorizar"],"inLanguage":"es"},{"@type":"WebPage","@id":"https:\/\/solarity.eu\/es\/blog\/perspectivas-e-impresiones-de-snec-e-intersolar-2026\/","url":"https:\/\/solarity.eu\/es\/blog\/perspectivas-e-impresiones-de-snec-e-intersolar-2026\/","name":"Perspectivas e Impresiones de SNEC e Intersolar 2026 - Solarity","isPartOf":{"@id":"https:\/\/solarity.eu\/es\/#website"},"primaryImageOfPage":{"@id":"https:\/\/solarity.eu\/es\/blog\/perspectivas-e-impresiones-de-snec-e-intersolar-2026\/#primaryimage"},"image":{"@id":"https:\/\/solarity.eu\/es\/blog\/perspectivas-e-impresiones-de-snec-e-intersolar-2026\/#primaryimage"},"thumbnailUrl":"https:\/\/solarity.eu\/wp-content\/uploads\/2026\/08\/Snimek-obrazovky-2026-08-04-v-9.26.52.png","datePublished":"2026-08-06T12:59:40+00:00","dateModified":"2026-09-04T20:40:22+00:00","breadcrumb":{"@id":"https:\/\/solarity.eu\/es\/blog\/perspectivas-e-impresiones-de-snec-e-intersolar-2026\/#breadcrumb"},"inLanguage":"es","potentialAction":[{"@type":"ReadAction","target":["https:\/\/solarity.eu\/es\/blog\/perspectivas-e-impresiones-de-snec-e-intersolar-2026\/"]}]},{"@type":"ImageObject","inLanguage":"es","@id":"https:\/\/solarity.eu\/es\/blog\/perspectivas-e-impresiones-de-snec-e-intersolar-2026\/#primaryimage","url":"https:\/\/solarity.eu\/wp-content\/uploads\/2026\/08\/Snimek-obrazovky-2026-08-04-v-9.26.52.png","contentUrl":"https:\/\/solarity.eu\/wp-content\/uploads\/2026\/08\/Snimek-obrazovky-2026-08-04-v-9.26.52.png","width":606,"height":406,"caption":"Repr battero stand at expo"},{"@type":"BreadcrumbList","@id":"https:\/\/solarity.eu\/es\/blog\/perspectivas-e-impresiones-de-snec-e-intersolar-2026\/#breadcrumb","itemListElement":[{"@type":"ListItem","position":1,"name":"Home","item":"https:\/\/solarity.eu\/es\/homepage\/"},{"@type":"ListItem","position":2,"name":"Perspectivas e Impresiones de SNEC e Intersolar 2026"}]},{"@type":"WebSite","@id":"https:\/\/solarity.eu\/es\/#website","url":"https:\/\/solarity.eu\/es\/","name":"Solarity","description":"Distributor and wholesaler of photovoltaic systems","publisher":{"@id":"https:\/\/solarity.eu\/es\/#organization"},"potentialAction":[{"@type":"SearchAction","target":{"@type":"EntryPoint","urlTemplate":"https:\/\/solarity.eu\/es\/?s={search_term_string}"},"query-input":{"@type":"PropertyValueSpecification","valueRequired":true,"valueName":"search_term_string"}}],"inLanguage":"es"},{"@type":"Organization","@id":"https:\/\/solarity.eu\/es\/#organization","name":"Solarity","url":"https:\/\/solarity.eu\/es\/","logo":{"@type":"ImageObject","inLanguage":"es","@id":"https:\/\/solarity.eu\/es\/#\/schema\/logo\/image\/","url":"https:\/\/solarity.eu\/wp-content\/uploads\/2020\/08\/Solarity_Logo_new.jpg","contentUrl":"https:\/\/solarity.eu\/wp-content\/uploads\/2020\/08\/Solarity_Logo_new.jpg","width":364,"height":59,"caption":"Solarity"},"image":{"@id":"https:\/\/solarity.eu\/es\/#\/schema\/logo\/image\/"},"sameAs":["https:\/\/www.facebook.com\/solaritycz\/"]},{"@type":"Person","@id":"https:\/\/solarity.eu\/es\/#\/schema\/person\/ef3b2a99824c9955f977f083a70f39e1","name":"Ane\u017eka Jir\u00e1\u0148ov\u00e1","image":{"@type":"ImageObject","inLanguage":"es","@id":"https:\/\/secure.gravatar.com\/avatar\/bb8fc2050f490869b9701ac41e773d778274b25b6b86f974cc7854dd20d5b569?s=96&d=mm&r=g","url":"https:\/\/secure.gravatar.com\/avatar\/bb8fc2050f490869b9701ac41e773d778274b25b6b86f974cc7854dd20d5b569?s=96&d=mm&r=g","contentUrl":"https:\/\/secure.gravatar.com\/avatar\/bb8fc2050f490869b9701ac41e773d778274b25b6b86f974cc7854dd20d5b569?s=96&d=mm&r=g","caption":"Ane\u017eka Jir\u00e1\u0148ov\u00e1"},"url":"https:\/\/solarity.eu\/es\/blog\/author\/anezka\/"}]}},"_links":{"self":[{"href":"https:\/\/solarity.eu\/es\/wp-json\/wp\/v2\/posts\/165054","targetHints":{"allow":["GET"]}}],"collection":[{"href":"https:\/\/solarity.eu\/es\/wp-json\/wp\/v2\/posts"}],"about":[{"href":"https:\/\/solarity.eu\/es\/wp-json\/wp\/v2\/types\/post"}],"author":[{"embeddable":true,"href":"https:\/\/solarity.eu\/es\/wp-json\/wp\/v2\/users\/52"}],"replies":[{"embeddable":true,"href":"https:\/\/solarity.eu\/es\/wp-json\/wp\/v2\/comments?post=165054"}],"version-history":[{"count":3,"href":"https:\/\/solarity.eu\/es\/wp-json\/wp\/v2\/posts\/165054\/revisions"}],"predecessor-version":[{"id":165165,"href":"https:\/\/solarity.eu\/es\/wp-json\/wp\/v2\/posts\/165054\/revisions\/165165"}],"wp:attachment":[{"href":"https:\/\/solarity.eu\/es\/wp-json\/wp\/v2\/media?parent=165054"}],"wp:term":[{"taxonomy":"category","embeddable":true,"href":"https:\/\/solarity.eu\/es\/wp-json\/wp\/v2\/categories?post=165054"},{"taxonomy":"post_tag","embeddable":true,"href":"https:\/\/solarity.eu\/es\/wp-json\/wp\/v2\/tags?post=165054"}],"curies":[{"name":"wp","href":"https:\/\/api.w.org\/{rel}","templated":true}]}}