{"id":95267,"date":"2023-03-07T16:45:48","date_gmt":"2023-03-07T16:45:48","guid":{"rendered":"https:\/\/solarity.eu\/?p=95267"},"modified":"2023-09-07T13:22:17","modified_gmt":"2023-09-07T13:22:17","slug":"aerocompact-napelemes-rendszerek-biztonsagos-telepitese-vilagszerte","status":"publish","type":"post","link":"https:\/\/solarity.eu\/hu\/blog\/aerocompact-napelemes-rendszerek-biztonsagos-telepitese-vilagszerte\/","title":{"rendered":"Aerocompact: napelemes rendszerek biztons\u00e1gos telep\u00edt\u00e9se vil\u00e1gszerte"},"content":{"rendered":"\t\t<div data-elementor-type=\"wp-post\" data-elementor-id=\"95267\" class=\"elementor elementor-95267 elementor-95162\" data-elementor-post-type=\"post\">\n\t\t\t\t\t\t<section class=\"elementor-section elementor-top-section elementor-element elementor-element-9251967 elementor-section-boxed elementor-section-height-default elementor-section-height-default parallax_section_no qode_elementor_container_no\" data-id=\"9251967\" data-element_type=\"section\">\n\t\t\t\t\t\t<div class=\"elementor-container elementor-column-gap-default\">\n\t\t\t\t\t<div class=\"elementor-column elementor-col-100 elementor-top-column elementor-element elementor-element-b27247d\" data-id=\"b27247d\" data-element_type=\"column\">\n\t\t\t<div class=\"elementor-widget-wrap elementor-element-populated\">\n\t\t\t\t\t\t<div class=\"elementor-element elementor-element-ee1f919 elementor-widget elementor-widget-theme-post-title elementor-page-title elementor-widget-heading\" data-id=\"ee1f919\" data-element_type=\"widget\" data-widget_type=\"theme-post-title.default\">\n\t\t\t\t<div class=\"elementor-widget-container\">\n\t\t\t\t\t<h1 class=\"elementor-heading-title elementor-size-default\">Aerocompact: napelemes rendszerek biztons\u00e1gos telep\u00edt\u00e9se vil\u00e1gszerte<\/h1>\t\t\t\t<\/div>\n\t\t\t\t<\/div>\n\t\t\t\t\t<\/div>\n\t\t<\/div>\n\t\t\t\t\t<\/div>\n\t\t<\/section>\n\t\t\t\t<section class=\"elementor-section elementor-top-section elementor-element elementor-element-e14f7d2 elementor-section-boxed elementor-section-height-default elementor-section-height-default parallax_section_no qode_elementor_container_no\" data-id=\"e14f7d2\" data-element_type=\"section\">\n\t\t\t\t\t\t<div class=\"elementor-container elementor-column-gap-default\">\n\t\t\t\t\t<div class=\"elementor-column elementor-col-100 elementor-top-column elementor-element elementor-element-6d3018f\" data-id=\"6d3018f\" data-element_type=\"column\">\n\t\t\t<div class=\"elementor-widget-wrap elementor-element-populated\">\n\t\t\t\t\t\t<div class=\"elementor-element elementor-element-555967b elementor-widget elementor-widget-text-editor\" data-id=\"555967b\" data-element_type=\"widget\" data-widget_type=\"text-editor.default\">\n\t\t\t\t<div class=\"elementor-widget-container\">\n\t\t\t\t\t\t\t\t\t<p>A 2014-ben Mathias Muther \u00e1ltal alap\u00edtott, gyorsan n\u00f6vekv\u0151 v\u00e1llalat aerodinamikus al\u00e9p\u00edtm\u00e9nyek gy\u00e1rt\u00e1s\u00e1ra specializ\u00e1l\u00f3dott a napelemes \u00e1gazatban. A v\u00e1llalat a lapostet\u0151kre sz\u00e1nt, k\u00f6zvetlen csatlakoz\u00e1s n\u00e9lk\u00fcli napelemtart\u00f3 \u00e1llv\u00e1nyok gy\u00e1rt\u00e1s\u00e1ra \u00e9s \u00e9rt\u00e9kes\u00edt\u00e9s\u00e9re, valamint a minden \u00fcgyf\u00e9l sz\u00e1m\u00e1ra online ingyenesen el\u00e9rhet\u0151 AeroTOOL tervez\u0151szoftverre f\u00f3kusz\u00e1l. A term\u00e9kportf\u00f3li\u00f3ban imm\u00e1r ferde tet\u0151kh\u00f6z \u00e9s talajra szerelt rendszerekhez val\u00f3 r\u00f6gz\u00edt\u00e9si megold\u00e1sok is szerepelnek.<\/p>\t\t\t\t\t\t\t\t<\/div>\n\t\t\t\t<\/div>\n\t\t\t\t\t<\/div>\n\t\t<\/div>\n\t\t\t\t\t<\/div>\n\t\t<\/section>\n\t\t\t\t<section class=\"elementor-section elementor-top-section elementor-element elementor-element-f54c9d0 elementor-section-boxed elementor-section-height-default elementor-section-height-default parallax_section_no qode_elementor_container_no\" data-id=\"f54c9d0\" data-element_type=\"section\">\n\t\t\t\t\t\t<div class=\"elementor-container elementor-column-gap-default\">\n\t\t\t\t\t<div class=\"elementor-column elementor-col-100 elementor-top-column elementor-element elementor-element-562e2cb\" data-id=\"562e2cb\" data-element_type=\"column\">\n\t\t\t<div class=\"elementor-widget-wrap elementor-element-populated\">\n\t\t\t\t\t\t<div class=\"elementor-element elementor-element-af5e521 elementor-widget elementor-widget-text-editor\" data-id=\"af5e521\" data-element_type=\"widget\" data-widget_type=\"text-editor.default\">\n\t\t\t\t<div class=\"elementor-widget-container\">\n\t\t\t\t\t\t\t\t\t<p>Minden term\u00e9ket a legszigor\u00fabb ipari szabv\u00e1nyok szerint tesztelnek, \u00e9s minden egyes projekt eset\u00e9ben a v\u00e1llalat saj\u00e1t online 3D-s m\u00e9rn\u00f6ki szoftvere, az AeroTOOL seg\u00edts\u00e9g\u00e9vel t\u00f6rt\u00e9nik a statikai tervez\u00e9s, valamint a sz\u00e9l- \u00e9s h\u00f3terhel\u00e9s sz\u00e1m\u00edt\u00e1sa. A v\u00e1llalat saj\u00e1t fejleszt\u0151csapata folyamatosan t\u00f6k\u00e9letes\u00edti a term\u00e9keket, nagy hangs\u00falyt fektetve az \u00faj fejleszt\u00e9sekre \u00e9s innov\u00e1ci\u00f3kra. Minden term\u00e9k saj\u00e1t szabadalommal rendelkezik, \u00e9s formatervez\u00e9si mintaoltalom alatt \u00e1ll.<\/p>\t\t\t\t\t\t\t\t<\/div>\n\t\t\t\t<\/div>\n\t\t\t\t\t<\/div>\n\t\t<\/div>\n\t\t\t\t\t<\/div>\n\t\t<\/section>\n\t\t\t\t<section class=\"elementor-section elementor-top-section elementor-element elementor-element-ca9211c elementor-section-boxed elementor-section-height-default elementor-section-height-default parallax_section_no qode_elementor_container_no\" data-id=\"ca9211c\" data-element_type=\"section\">\n\t\t\t\t\t\t<div class=\"elementor-container elementor-column-gap-default\">\n\t\t\t\t\t<div class=\"elementor-column elementor-col-100 elementor-top-column elementor-element elementor-element-f448dda\" data-id=\"f448dda\" data-element_type=\"column\">\n\t\t\t<div class=\"elementor-widget-wrap elementor-element-populated\">\n\t\t\t\t\t\t<div class=\"elementor-element elementor-element-3c53da0 elementor-widget elementor-widget-text-editor\" data-id=\"3c53da0\" data-element_type=\"widget\" data-widget_type=\"text-editor.default\">\n\t\t\t\t<div class=\"elementor-widget-container\">\n\t\t\t\t\t\t\t\t\t<p>A vil\u00e1gszerte 14 telephellyel rendelkez\u0151 AEROCOMPACT sz\u00e9khelye Ausztri\u00e1ban, az Egyes\u00fclt \u00c1llamokban \u00e9s Indi\u00e1ban tal\u00e1lhat\u00f3.<\/p>\t\t\t\t\t\t\t\t<\/div>\n\t\t\t\t<\/div>\n\t\t\t\t\t<\/div>\n\t\t<\/div>\n\t\t\t\t\t<\/div>\n\t\t<\/section>\n\t\t\t\t<section class=\"elementor-section elementor-top-section elementor-element elementor-element-de70c25 elementor-section-boxed elementor-section-height-default elementor-section-height-default parallax_section_no qode_elementor_container_no\" data-id=\"de70c25\" data-element_type=\"section\">\n\t\t\t\t\t\t<div class=\"elementor-container elementor-column-gap-default\">\n\t\t\t\t\t<div class=\"elementor-column elementor-col-100 elementor-top-column elementor-element elementor-element-4d46c19\" data-id=\"4d46c19\" data-element_type=\"column\">\n\t\t\t<div class=\"elementor-widget-wrap elementor-element-populated\">\n\t\t\t\t\t\t<div class=\"elementor-element elementor-element-bd3a2a5 elementor-widget elementor-widget-image\" data-id=\"bd3a2a5\" data-element_type=\"widget\" data-widget_type=\"image.default\">\n\t\t\t\t<div class=\"elementor-widget-container\">\n\t\t\t\t\t\t\t\t\t\t\t\t\t\t\t\t<a href=\"https:\/\/solarity.eu\/wp-content\/uploads\/2023\/03\/aerocompact-map.png\" data-elementor-open-lightbox=\"yes\" data-elementor-lightbox-title=\"aerocompact-map\" data-e-action-hash=\"#elementor-action%3Aaction%3Dlightbox%26settings%3DeyJpZCI6OTUxODIsInVybCI6Imh0dHBzOlwvXC9zb2xhcml0eS5ldVwvd3AtY29udGVudFwvdXBsb2Fkc1wvMjAyM1wvMDNcL2Flcm9jb21wYWN0LW1hcC5wbmcifQ%3D%3D\">\n\t\t\t\t\t\t\t<img fetchpriority=\"high\" decoding=\"async\" width=\"1895\" height=\"1066\" src=\"https:\/\/solarity.eu\/wp-content\/uploads\/2023\/03\/aerocompact-map.png\" class=\"attachment-full size-full wp-image-95182\" alt=\"\" srcset=\"https:\/\/solarity.eu\/wp-content\/uploads\/2023\/03\/aerocompact-map.png 1895w, https:\/\/solarity.eu\/wp-content\/uploads\/2023\/03\/aerocompact-map-300x169.png 300w, https:\/\/solarity.eu\/wp-content\/uploads\/2023\/03\/aerocompact-map-1024x576.png 1024w, https:\/\/solarity.eu\/wp-content\/uploads\/2023\/03\/aerocompact-map-768x432.png 768w, https:\/\/solarity.eu\/wp-content\/uploads\/2023\/03\/aerocompact-map-1536x864.png 1536w, https:\/\/solarity.eu\/wp-content\/uploads\/2023\/03\/aerocompact-map-700x394.png 700w, https:\/\/solarity.eu\/wp-content\/uploads\/2023\/03\/aerocompact-map-539x303.png 539w\" sizes=\"(max-width: 1895px) 100vw, 1895px\" \/>\t\t\t\t\t\t\t\t<\/a>\n\t\t\t\t\t\t\t\t\t\t\t\t\t\t\t<\/div>\n\t\t\t\t<\/div>\n\t\t\t\t\t<\/div>\n\t\t<\/div>\n\t\t\t\t\t<\/div>\n\t\t<\/section>\n\t\t\t\t<section class=\"elementor-section elementor-top-section elementor-element elementor-element-ebdcf1c elementor-section-boxed elementor-section-height-default elementor-section-height-default parallax_section_no qode_elementor_container_no\" data-id=\"ebdcf1c\" data-element_type=\"section\">\n\t\t\t\t\t\t<div class=\"elementor-container elementor-column-gap-default\">\n\t\t\t\t\t<div class=\"elementor-column elementor-col-100 elementor-top-column elementor-element elementor-element-816709e\" data-id=\"816709e\" data-element_type=\"column\">\n\t\t\t<div class=\"elementor-widget-wrap elementor-element-populated\">\n\t\t\t\t\t\t<div class=\"elementor-element elementor-element-d963076 elementor-widget elementor-widget-heading\" data-id=\"d963076\" data-element_type=\"widget\" data-widget_type=\"heading.default\">\n\t\t\t\t<div class=\"elementor-widget-container\">\n\t\t\t\t\t<h2 class=\"elementor-heading-title elementor-size-default\">Az AEROCOMPACT megold\u00e1sai<\/h2>\t\t\t\t<\/div>\n\t\t\t\t<\/div>\n\t\t\t\t\t<\/div>\n\t\t<\/div>\n\t\t\t\t\t<\/div>\n\t\t<\/section>\n\t\t\t\t<section class=\"elementor-section elementor-top-section elementor-element elementor-element-1cd9477 elementor-section-boxed elementor-section-height-default elementor-section-height-default parallax_section_no qode_elementor_container_no\" data-id=\"1cd9477\" data-element_type=\"section\">\n\t\t\t\t\t\t<div class=\"elementor-container elementor-column-gap-default\">\n\t\t\t\t\t<div class=\"elementor-column elementor-col-100 elementor-top-column elementor-element elementor-element-b8dd2f7\" data-id=\"b8dd2f7\" data-element_type=\"column\">\n\t\t\t<div class=\"elementor-widget-wrap elementor-element-populated\">\n\t\t\t\t\t\t<div class=\"elementor-element elementor-element-547c43e elementor-widget elementor-widget-text-editor\" data-id=\"547c43e\" data-element_type=\"widget\" data-widget_type=\"text-editor.default\">\n\t\t\t\t<div class=\"elementor-widget-container\">\n\t\t\t\t\t\t\t\t\t<ul><li style=\"list-style-type: none\"><ul><li style=\"list-style-type: none\"><ul><li style=\"list-style-type: none\"><ul><li><strong><a href=\"#aerotool\">AeroTOOL<\/a>: <\/strong>vizualiz\u00e1ci\u00f3s \u00e9s tervez\u0151szoftver. Tartalmazza az \u00f6sszes sz\u00fcks\u00e9ges sz\u00e9lt\u00e9rk\u00e9pet, h\u00f3terhel\u00e9st, orsz\u00e1gspecifikus szabv\u00e1nyt, valamint a term\u00e9ktesztek, p\u00e9ld\u00e1ul a sz\u00e9lcsatorna-, TUV- \u00e9s UL-tesztek eredm\u00e9nyeit.<\/li><li><strong><a href=\"#compactflat\">COMPACTFLAT<\/a><\/strong>: d\u00e9li \u00e9s kelet-nyugati t\u00e1jol\u00e1s\u00fa aerodinamikus rendszer a keretes modulok lapostet\u0151re t\u00f6rt\u00e9n\u0151 r\u00f6gz\u00edt\u00e9s\u00e9hez. 5, 10 \u00e9s 15\u00b0-os d\u0151l\u00e9ssz\u00f6ggel, t\u00f6bbf\u00e9le sort\u00e1vols\u00e1ggal kaphat\u00f3.<\/li><li><strong><a href=\"#compactpitch\">COMPACTPITCH<\/a><\/strong>: nagy teljes\u00edtm\u00e9ny\u0171 aerodinamikus r\u00f6gz\u00edt\u0151rendszer a keretes napelemes modulok ferde \u00e9s f\u00e9mtet\u0151re t\u00f6rt\u00e9n\u0151 r\u00f6gz\u00edt\u00e9s\u00e9hez. Rugalmas \u00e9s egyszer\u0171en \u00f6sszeszerelhet\u0151.<\/li><li><strong><a href=\"#compactground\">COMPACTGROUND<\/a><\/strong>: d\u00e9li \u00e9s kelet-nyugati t\u00e1jol\u00e1s\u00fa aerodinamikus rendszer a keretes napelemes modulok ny\u00edlt t\u00e9ren t\u00f6rt\u00e9n\u0151 r\u00f6gz\u00edt\u00e9s\u00e9hez. 15 \u00e9s 20\u00b0-os d\u0151l\u00e9ssz\u00f6ggel, t\u00f6bbf\u00e9le sort\u00e1vols\u00e1ggal kaphat\u00f3.<\/li><li><strong><a href=\"#compactmetal\">COMPACTMETAL<\/a><\/strong>: modul\u00e1ris rendszer a f\u00e9mtet\u0151k valamennyi t\u00edpus\u00e1hoz. Kit\u0171nik sokoldal\u00fa komponenseivel \u00e9s egyszer\u0171 \u00f6sszeszerel\u00e9s\u00e9vel.<\/li><\/ul><\/li><\/ul><\/li><\/ul><\/li><\/ul>\t\t\t\t\t\t\t\t<\/div>\n\t\t\t\t<\/div>\n\t\t\t\t\t<\/div>\n\t\t<\/div>\n\t\t\t\t\t<\/div>\n\t\t<\/section>\n\t\t\t\t<section class=\"elementor-section elementor-top-section elementor-element elementor-element-3905e68 elementor-section-boxed elementor-section-height-default elementor-section-height-default parallax_section_no qode_elementor_container_no\" data-id=\"3905e68\" data-element_type=\"section\">\n\t\t\t\t\t\t<div class=\"elementor-container elementor-column-gap-default\">\n\t\t\t\t\t<div class=\"elementor-column elementor-col-100 elementor-top-column elementor-element elementor-element-2289d26\" data-id=\"2289d26\" data-element_type=\"column\">\n\t\t\t<div class=\"elementor-widget-wrap elementor-element-populated\">\n\t\t\t\t\t\t<div class=\"elementor-element elementor-element-5bd9ec8 elementor-widget elementor-widget-image\" data-id=\"5bd9ec8\" data-element_type=\"widget\" data-widget_type=\"image.default\">\n\t\t\t\t<div class=\"elementor-widget-container\">\n\t\t\t\t\t\t\t\t\t\t\t\t\t\t\t\t<a href=\"https:\/\/solarity.eu\/wp-content\/uploads\/2023\/03\/aerocompact-solution.png\" data-elementor-open-lightbox=\"yes\" data-elementor-lightbox-title=\"aerocompact-solution\" data-e-action-hash=\"#elementor-action%3Aaction%3Dlightbox%26settings%3DeyJpZCI6OTUxOTAsInVybCI6Imh0dHBzOlwvXC9zb2xhcml0eS5ldVwvd3AtY29udGVudFwvdXBsb2Fkc1wvMjAyM1wvMDNcL2Flcm9jb21wYWN0LXNvbHV0aW9uLnBuZyJ9\">\n\t\t\t\t\t\t\t<img decoding=\"async\" width=\"1891\" height=\"411\" src=\"https:\/\/solarity.eu\/wp-content\/uploads\/2023\/03\/aerocompact-solution.png\" class=\"attachment-full size-full wp-image-95190\" alt=\"\" srcset=\"https:\/\/solarity.eu\/wp-content\/uploads\/2023\/03\/aerocompact-solution.png 1891w, https:\/\/solarity.eu\/wp-content\/uploads\/2023\/03\/aerocompact-solution-300x65.png 300w, https:\/\/solarity.eu\/wp-content\/uploads\/2023\/03\/aerocompact-solution-1024x223.png 1024w, https:\/\/solarity.eu\/wp-content\/uploads\/2023\/03\/aerocompact-solution-768x167.png 768w, https:\/\/solarity.eu\/wp-content\/uploads\/2023\/03\/aerocompact-solution-1536x334.png 1536w, https:\/\/solarity.eu\/wp-content\/uploads\/2023\/03\/aerocompact-solution-700x152.png 700w\" sizes=\"(max-width: 1891px) 100vw, 1891px\" \/>\t\t\t\t\t\t\t\t<\/a>\n\t\t\t\t\t\t\t\t\t\t\t\t\t\t\t<\/div>\n\t\t\t\t<\/div>\n\t\t\t\t\t<\/div>\n\t\t<\/div>\n\t\t\t\t\t<\/div>\n\t\t<\/section>\n\t\t\t\t<section class=\"elementor-section elementor-top-section elementor-element elementor-element-03b930f elementor-section-boxed elementor-section-height-default elementor-section-height-default parallax_section_no qode_elementor_container_no\" data-id=\"03b930f\" data-element_type=\"section\">\n\t\t\t\t\t\t<div class=\"elementor-container elementor-column-gap-default\">\n\t\t\t\t\t<div class=\"elementor-column elementor-col-100 elementor-top-column elementor-element elementor-element-988743a\" data-id=\"988743a\" data-element_type=\"column\">\n\t\t\t<div class=\"elementor-widget-wrap elementor-element-populated\">\n\t\t\t\t\t\t<div class=\"elementor-element elementor-element-94cb261 elementor-widget elementor-widget-menu-anchor\" data-id=\"94cb261\" data-element_type=\"widget\" data-widget_type=\"menu-anchor.default\">\n\t\t\t\t<div class=\"elementor-widget-container\">\n\t\t\t\t\t\t\t<div class=\"elementor-menu-anchor\" id=\"aerotool\"><\/div>\n\t\t\t\t\t\t<\/div>\n\t\t\t\t<\/div>\n\t\t\t\t<div class=\"elementor-element elementor-element-cd66678 elementor-widget elementor-widget-heading\" data-id=\"cd66678\" data-element_type=\"widget\" data-widget_type=\"heading.default\">\n\t\t\t\t<div class=\"elementor-widget-container\">\n\t\t\t\t\t<h3 class=\"elementor-heading-title elementor-size-default\">AeroTOOL<\/h3>\t\t\t\t<\/div>\n\t\t\t\t<\/div>\n\t\t\t\t\t<\/div>\n\t\t<\/div>\n\t\t\t\t\t<\/div>\n\t\t<\/section>\n\t\t\t\t<section class=\"elementor-section elementor-top-section elementor-element elementor-element-7b973d6 elementor-section-boxed elementor-section-height-default elementor-section-height-default parallax_section_no qode_elementor_container_no\" data-id=\"7b973d6\" data-element_type=\"section\">\n\t\t\t\t\t\t<div class=\"elementor-container elementor-column-gap-default\">\n\t\t\t\t\t<div class=\"elementor-column elementor-col-100 elementor-top-column elementor-element elementor-element-d0d6a07\" data-id=\"d0d6a07\" data-element_type=\"column\">\n\t\t\t<div class=\"elementor-widget-wrap elementor-element-populated\">\n\t\t\t\t\t\t<div class=\"elementor-element elementor-element-c1ea60d elementor-widget elementor-widget-text-editor\" data-id=\"c1ea60d\" data-element_type=\"widget\" data-widget_type=\"text-editor.default\">\n\t\t\t\t<div class=\"elementor-widget-container\">\n\t\t\t\t\t\t\t\t\t<p>AeroTOOL nev\u0171 online szoftver\u00fcnkkel olyan eszk\u00f6zt adunk \u00fcgyfeleink \u00e9s munkat\u00e1rsaink kez\u00e9be, amellyel a Google T\u00e9rk\u00e9p seg\u00edts\u00e9g\u00e9vel vil\u00e1gszerte tervezhetnek napelemes rendszereket, \u00e9s n\u00e9h\u00e1ny l\u00e9p\u00e9sben projektjelent\u00e9st k\u00e9sz\u00edthetnek helyspecifikus statikai sz\u00e1m\u00edt\u00e1sokkal. A szoftver egy projektjelent\u00e9sben \u00e1tfog\u00f3 inform\u00e1ci\u00f3kat, valamint az AEROCOMPACT\u00ae term\u00e9kek automatikus megrendel\u00e9s\u00e9hez anyagjegyz\u00e9ket \u00e9s \u00e1rinform\u00e1ci\u00f3kat biztos\u00edt az \u00fcgyf\u00e9l sz\u00e1m\u00e1ra.<\/p><p>\u00a0<\/p><p>Tartalmazza az \u00f6sszes sz\u00fcks\u00e9ges sz\u00e9lt\u00e9rk\u00e9pet, h\u00f3terhel\u00e9st, orsz\u00e1gspecifikus szabv\u00e1nyt, valamint a term\u00e9ktesztek, p\u00e9ld\u00e1ul a sz\u00e9lcsatorna-, TUV- \u00e9s UL-tesztek eredm\u00e9nyeit. \u00dcgyfeleink \u00e9s munkat\u00e1rsaink a mindennapi \u00fczletmenetben percek alatt k\u00e9pesek napelemes rendszereket tervezni vil\u00e1gszerte an\u00e9lk\u00fcl, hogy a projekt helysz\u00edn\u00e9n tart\u00f3zkodn\u00e1nak.<\/p><p>\u00a0<\/p><ul><li style=\"list-style-type: none\"><ul><li style=\"list-style-type: none\"><ul><li style=\"list-style-type: none\"><ul><li>Tet\u0151elrendez\u00e9s \u00e9s tet\u0151m\u00e9retek regisztr\u00e1l\u00e1sa a Google T\u00e9rk\u00e9p szerint<\/li><li>Gyors \u00e9s egyszer\u0171 projekt\u00e1ttekint\u00e9s \u00e9s -tervez\u00e9s<\/li><li>EN-szabv\u00e1nyok szerinti struktur\u00e1lis sz\u00e1m\u00edt\u00e1sok minden egyes projektre vonatkoz\u00f3an<\/li><li>Az \u00e1rny\u00e9kok figyelembev\u00e9tele<\/li><li>K\u00f6zponti projektmenedzsment<\/li><li>Tervez\u00e9si megb\u00edzhat\u00f3s\u00e1g<\/li><li>Er\u0151forr\u00e1sok megtakar\u00edt\u00e1sa \u00e9s a hib\u00e1k minimaliz\u00e1l\u00e1sa<\/li><li>Elrendez\u00e9si \u00e9s \u00f6sszeszerel\u00e9si terv minden egyes projekthez<\/li><li>Egy\u00e9ni tervez\u00e9s anyagjegyz\u00e9kkel mint kimenettel<\/li><\/ul><\/li><\/ul><\/li><\/ul><\/li><\/ul>\t\t\t\t\t\t\t\t<\/div>\n\t\t\t\t<\/div>\n\t\t\t\t\t<\/div>\n\t\t<\/div>\n\t\t\t\t\t<\/div>\n\t\t<\/section>\n\t\t\t\t<section class=\"elementor-section elementor-top-section elementor-element elementor-element-48a1521 elementor-section-boxed elementor-section-height-default elementor-section-height-default parallax_section_no qode_elementor_container_no\" data-id=\"48a1521\" data-element_type=\"section\">\n\t\t\t\t\t\t<div class=\"elementor-container elementor-column-gap-default\">\n\t\t\t\t\t<div class=\"elementor-column elementor-col-100 elementor-top-column elementor-element elementor-element-bdc6adc\" data-id=\"bdc6adc\" data-element_type=\"column\">\n\t\t\t<div class=\"elementor-widget-wrap elementor-element-populated\">\n\t\t\t\t\t\t<div class=\"elementor-element elementor-element-90c888c elementor-widget elementor-widget-image\" data-id=\"90c888c\" data-element_type=\"widget\" data-widget_type=\"image.default\">\n\t\t\t\t<div class=\"elementor-widget-container\">\n\t\t\t\t\t\t\t\t\t\t\t\t\t\t\t\t<a href=\"https:\/\/solarity.eu\/wp-content\/uploads\/2023\/03\/aerocompact-aerotool.png\" data-elementor-open-lightbox=\"yes\" data-elementor-lightbox-title=\"aerocompact-aerotool\" data-e-action-hash=\"#elementor-action%3Aaction%3Dlightbox%26settings%3DeyJpZCI6OTUxOTgsInVybCI6Imh0dHBzOlwvXC9zb2xhcml0eS5ldVwvd3AtY29udGVudFwvdXBsb2Fkc1wvMjAyM1wvMDNcL2Flcm9jb21wYWN0LWFlcm90b29sLnBuZyJ9\">\n\t\t\t\t\t\t\t<img decoding=\"async\" width=\"1895\" height=\"1066\" src=\"https:\/\/solarity.eu\/wp-content\/uploads\/2023\/03\/aerocompact-aerotool.png\" class=\"attachment-full size-full wp-image-95198\" alt=\"\" srcset=\"https:\/\/solarity.eu\/wp-content\/uploads\/2023\/03\/aerocompact-aerotool.png 1895w, https:\/\/solarity.eu\/wp-content\/uploads\/2023\/03\/aerocompact-aerotool-300x169.png 300w, https:\/\/solarity.eu\/wp-content\/uploads\/2023\/03\/aerocompact-aerotool-1024x576.png 1024w, https:\/\/solarity.eu\/wp-content\/uploads\/2023\/03\/aerocompact-aerotool-768x432.png 768w, https:\/\/solarity.eu\/wp-content\/uploads\/2023\/03\/aerocompact-aerotool-1536x864.png 1536w, https:\/\/solarity.eu\/wp-content\/uploads\/2023\/03\/aerocompact-aerotool-700x394.png 700w, https:\/\/solarity.eu\/wp-content\/uploads\/2023\/03\/aerocompact-aerotool-539x303.png 539w\" sizes=\"(max-width: 1895px) 100vw, 1895px\" \/>\t\t\t\t\t\t\t\t<\/a>\n\t\t\t\t\t\t\t\t\t\t\t\t\t\t\t<\/div>\n\t\t\t\t<\/div>\n\t\t\t\t\t<\/div>\n\t\t<\/div>\n\t\t\t\t\t<\/div>\n\t\t<\/section>\n\t\t\t\t<section class=\"elementor-section elementor-top-section elementor-element elementor-element-e336365 elementor-section-boxed elementor-section-height-default elementor-section-height-default parallax_section_no qode_elementor_container_no\" data-id=\"e336365\" data-element_type=\"section\">\n\t\t\t\t\t\t<div class=\"elementor-container elementor-column-gap-default\">\n\t\t\t\t\t<div class=\"elementor-column elementor-col-100 elementor-top-column elementor-element elementor-element-9086619\" data-id=\"9086619\" data-element_type=\"column\">\n\t\t\t<div class=\"elementor-widget-wrap elementor-element-populated\">\n\t\t\t\t\t\t<div class=\"elementor-element elementor-element-04d4d0e elementor-widget elementor-widget-menu-anchor\" data-id=\"04d4d0e\" data-element_type=\"widget\" data-widget_type=\"menu-anchor.default\">\n\t\t\t\t<div class=\"elementor-widget-container\">\n\t\t\t\t\t\t\t<div class=\"elementor-menu-anchor\" id=\"compactflat\"><\/div>\n\t\t\t\t\t\t<\/div>\n\t\t\t\t<\/div>\n\t\t\t\t<div class=\"elementor-element elementor-element-f3584ac elementor-widget elementor-widget-heading\" data-id=\"f3584ac\" data-element_type=\"widget\" data-widget_type=\"heading.default\">\n\t\t\t\t<div class=\"elementor-widget-container\">\n\t\t\t\t\t<h3 class=\"elementor-heading-title elementor-size-default\">COMPACTFLAT<\/h3>\t\t\t\t<\/div>\n\t\t\t\t<\/div>\n\t\t\t\t\t<\/div>\n\t\t<\/div>\n\t\t\t\t\t<\/div>\n\t\t<\/section>\n\t\t\t\t<section class=\"elementor-section elementor-top-section elementor-element elementor-element-c7503bd elementor-section-boxed elementor-section-height-default elementor-section-height-default parallax_section_no qode_elementor_container_no\" data-id=\"c7503bd\" data-element_type=\"section\">\n\t\t\t\t\t\t<div class=\"elementor-container elementor-column-gap-default\">\n\t\t\t\t\t<div class=\"elementor-column elementor-col-100 elementor-top-column elementor-element elementor-element-686e42b\" data-id=\"686e42b\" data-element_type=\"column\">\n\t\t\t<div class=\"elementor-widget-wrap elementor-element-populated\">\n\t\t\t\t\t\t<div class=\"elementor-element elementor-element-75d595b elementor-widget elementor-widget-text-editor\" data-id=\"75d595b\" data-element_type=\"widget\" data-widget_type=\"text-editor.default\">\n\t\t\t\t<div class=\"elementor-widget-container\">\n\t\t\t\t\t\t\t\t\t<p>A CompactFLAT term\u00e9kcsal\u00e1d r\u00e9sz\u00e9t k\u00e9pez\u0151 rendszer egy aerodinamikus, d\u00e9li t\u00e1jol\u00e1s\u00fa al\u00e9p\u00edtm\u00e9ny, amely a keretes napelemes modulok lapostet\u0151re t\u00f6rt\u00e9n\u0151 r\u00f6gz\u00edt\u00e9s\u00e9re szolg\u00e1l. 5\u00b0-os d\u0151l\u00e9ssz\u00f6ggel, t\u00f6bbf\u00e9le sort\u00e1vols\u00e1ggal kaphat\u00f3. A modulok k\u00f6z\u00f6tti h\u00e9zag cs\u00f6kkent\u00e9s\u00e9hez nincs sz\u00fcks\u00e9g tov\u00e1bbi alkatr\u00e9szekre. A legkisebb sort\u00e1vols\u00e1ggal jelent\u0151sen cs\u00f6kken az \u00fcres ter\u00fclet, \u00e9s a rendszer egys\u00e9gnyi ter\u00fcleten t\u00f6bb telep\u00edtett modult \u2013 azaz nagyobb teljes\u00edtm\u00e9nyt \u00e9s hozamot \u2013 k\u00edn\u00e1l.<\/p>\t\t\t\t\t\t\t\t<\/div>\n\t\t\t\t<\/div>\n\t\t\t\t\t<\/div>\n\t\t<\/div>\n\t\t\t\t\t<\/div>\n\t\t<\/section>\n\t\t\t\t<section class=\"elementor-section elementor-top-section elementor-element elementor-element-9906e18 elementor-section-boxed elementor-section-height-default elementor-section-height-default parallax_section_no qode_elementor_container_no\" data-id=\"9906e18\" data-element_type=\"section\">\n\t\t\t\t\t\t<div class=\"elementor-container elementor-column-gap-default\">\n\t\t\t\t\t<div class=\"elementor-column elementor-col-100 elementor-top-column elementor-element elementor-element-27c4968\" data-id=\"27c4968\" data-element_type=\"column\">\n\t\t\t<div class=\"elementor-widget-wrap elementor-element-populated\">\n\t\t\t\t\t\t<div class=\"elementor-element elementor-element-190ea94 elementor-widget elementor-widget-image\" data-id=\"190ea94\" data-element_type=\"widget\" data-widget_type=\"image.default\">\n\t\t\t\t<div class=\"elementor-widget-container\">\n\t\t\t\t\t\t\t\t\t\t\t\t\t\t\t\t<a href=\"https:\/\/solarity.eu\/wp-content\/uploads\/2023\/03\/aerocompact-compactflat-s05.png\" data-elementor-open-lightbox=\"yes\" data-elementor-lightbox-title=\"aerocompact-compactflat-s05\" data-e-action-hash=\"#elementor-action%3Aaction%3Dlightbox%26settings%3DeyJpZCI6OTUyMDYsInVybCI6Imh0dHBzOlwvXC9zb2xhcml0eS5ldVwvd3AtY29udGVudFwvdXBsb2Fkc1wvMjAyM1wvMDNcL2Flcm9jb21wYWN0LWNvbXBhY3RmbGF0LXMwNS5wbmcifQ%3D%3D\">\n\t\t\t\t\t\t\t<img loading=\"lazy\" decoding=\"async\" width=\"1024\" height=\"576\" src=\"https:\/\/solarity.eu\/wp-content\/uploads\/2023\/03\/aerocompact-compactflat-s05-1024x576.png\" class=\"attachment-large size-large wp-image-95206\" alt=\"\" srcset=\"https:\/\/solarity.eu\/wp-content\/uploads\/2023\/03\/aerocompact-compactflat-s05-1024x576.png 1024w, https:\/\/solarity.eu\/wp-content\/uploads\/2023\/03\/aerocompact-compactflat-s05-300x169.png 300w, https:\/\/solarity.eu\/wp-content\/uploads\/2023\/03\/aerocompact-compactflat-s05-768x432.png 768w, https:\/\/solarity.eu\/wp-content\/uploads\/2023\/03\/aerocompact-compactflat-s05-1536x864.png 1536w, https:\/\/solarity.eu\/wp-content\/uploads\/2023\/03\/aerocompact-compactflat-s05-700x394.png 700w, https:\/\/solarity.eu\/wp-content\/uploads\/2023\/03\/aerocompact-compactflat-s05-539x303.png 539w, https:\/\/solarity.eu\/wp-content\/uploads\/2023\/03\/aerocompact-compactflat-s05.png 1895w\" sizes=\"(max-width: 1024px) 100vw, 1024px\" \/>\t\t\t\t\t\t\t\t<\/a>\n\t\t\t\t\t\t\t\t\t\t\t\t\t\t\t<\/div>\n\t\t\t\t<\/div>\n\t\t\t\t\t<\/div>\n\t\t<\/div>\n\t\t\t\t\t<\/div>\n\t\t<\/section>\n\t\t\t\t<section class=\"elementor-section elementor-top-section elementor-element elementor-element-0d3a594 elementor-section-boxed elementor-section-height-default elementor-section-height-default parallax_section_no qode_elementor_container_no\" data-id=\"0d3a594\" data-element_type=\"section\">\n\t\t\t\t\t\t<div class=\"elementor-container elementor-column-gap-default\">\n\t\t\t\t\t<div class=\"elementor-column elementor-col-100 elementor-top-column elementor-element elementor-element-327b079\" data-id=\"327b079\" data-element_type=\"column\">\n\t\t\t<div class=\"elementor-widget-wrap elementor-element-populated\">\n\t\t\t\t\t\t<div class=\"elementor-element elementor-element-10dbb85 elementor-widget elementor-widget-image\" data-id=\"10dbb85\" data-element_type=\"widget\" data-widget_type=\"image.default\">\n\t\t\t\t<div class=\"elementor-widget-container\">\n\t\t\t\t\t\t\t\t\t\t\t\t\t\t\t\t<a href=\"https:\/\/solarity.eu\/wp-content\/uploads\/2023\/03\/aerocompact-compactflat-s10plus.png\" data-elementor-open-lightbox=\"yes\" data-elementor-lightbox-title=\"aerocompact-compactflat-s10plus\" data-e-action-hash=\"#elementor-action%3Aaction%3Dlightbox%26settings%3DeyJpZCI6OTUyMTQsInVybCI6Imh0dHBzOlwvXC9zb2xhcml0eS5ldVwvd3AtY29udGVudFwvdXBsb2Fkc1wvMjAyM1wvMDNcL2Flcm9jb21wYWN0LWNvbXBhY3RmbGF0LXMxMHBsdXMucG5nIn0%3D\">\n\t\t\t\t\t\t\t<img loading=\"lazy\" decoding=\"async\" width=\"1024\" height=\"576\" src=\"https:\/\/solarity.eu\/wp-content\/uploads\/2023\/03\/aerocompact-compactflat-s10plus-1024x576.png\" class=\"attachment-large size-large wp-image-95214\" alt=\"\" srcset=\"https:\/\/solarity.eu\/wp-content\/uploads\/2023\/03\/aerocompact-compactflat-s10plus-1024x576.png 1024w, https:\/\/solarity.eu\/wp-content\/uploads\/2023\/03\/aerocompact-compactflat-s10plus-300x169.png 300w, https:\/\/solarity.eu\/wp-content\/uploads\/2023\/03\/aerocompact-compactflat-s10plus-768x432.png 768w, https:\/\/solarity.eu\/wp-content\/uploads\/2023\/03\/aerocompact-compactflat-s10plus-1536x864.png 1536w, https:\/\/solarity.eu\/wp-content\/uploads\/2023\/03\/aerocompact-compactflat-s10plus-700x394.png 700w, https:\/\/solarity.eu\/wp-content\/uploads\/2023\/03\/aerocompact-compactflat-s10plus-539x303.png 539w, https:\/\/solarity.eu\/wp-content\/uploads\/2023\/03\/aerocompact-compactflat-s10plus.png 1895w\" sizes=\"(max-width: 1024px) 100vw, 1024px\" \/>\t\t\t\t\t\t\t\t<\/a>\n\t\t\t\t\t\t\t\t\t\t\t\t\t\t\t<\/div>\n\t\t\t\t<\/div>\n\t\t\t\t\t<\/div>\n\t\t<\/div>\n\t\t\t\t\t<\/div>\n\t\t<\/section>\n\t\t\t\t<section class=\"elementor-section elementor-top-section elementor-element elementor-element-a4328dd elementor-section-boxed elementor-section-height-default elementor-section-height-default parallax_section_no qode_elementor_container_no\" data-id=\"a4328dd\" data-element_type=\"section\">\n\t\t\t\t\t\t<div class=\"elementor-container elementor-column-gap-default\">\n\t\t\t\t\t<div class=\"elementor-column elementor-col-100 elementor-top-column elementor-element elementor-element-b87ba36\" data-id=\"b87ba36\" data-element_type=\"column\">\n\t\t\t<div class=\"elementor-widget-wrap elementor-element-populated\">\n\t\t\t\t\t\t<div class=\"elementor-element elementor-element-233ebdd elementor-widget elementor-widget-menu-anchor\" data-id=\"233ebdd\" data-element_type=\"widget\" data-widget_type=\"menu-anchor.default\">\n\t\t\t\t<div class=\"elementor-widget-container\">\n\t\t\t\t\t\t\t<div class=\"elementor-menu-anchor\" id=\"compactground\"><\/div>\n\t\t\t\t\t\t<\/div>\n\t\t\t\t<\/div>\n\t\t\t\t<div class=\"elementor-element elementor-element-3b683b4 elementor-widget elementor-widget-heading\" data-id=\"3b683b4\" data-element_type=\"widget\" data-widget_type=\"heading.default\">\n\t\t\t\t<div class=\"elementor-widget-container\">\n\t\t\t\t\t<h3 class=\"elementor-heading-title elementor-size-default\">COMPACTGROUND<\/h3>\t\t\t\t<\/div>\n\t\t\t\t<\/div>\n\t\t\t\t\t<\/div>\n\t\t<\/div>\n\t\t\t\t\t<\/div>\n\t\t<\/section>\n\t\t\t\t<section class=\"elementor-section elementor-top-section elementor-element elementor-element-da06e0e elementor-section-boxed elementor-section-height-default elementor-section-height-default parallax_section_no qode_elementor_container_no\" data-id=\"da06e0e\" data-element_type=\"section\">\n\t\t\t\t\t\t<div class=\"elementor-container elementor-column-gap-default\">\n\t\t\t\t\t<div class=\"elementor-column elementor-col-100 elementor-top-column elementor-element elementor-element-65dabfc\" data-id=\"65dabfc\" data-element_type=\"column\">\n\t\t\t<div class=\"elementor-widget-wrap elementor-element-populated\">\n\t\t\t\t\t\t<div class=\"elementor-element elementor-element-a43f803 elementor-widget elementor-widget-text-editor\" data-id=\"a43f803\" data-element_type=\"widget\" data-widget_type=\"text-editor.default\">\n\t\t\t\t<div class=\"elementor-widget-container\">\n\t\t\t\t\t\t\t\t\t<p>A <strong>COMPACTGROUND G<\/strong> az \u00faj, d\u00e9li t\u00e1jol\u00e1s\u00fa, 15 \u00e9s 20\u00b0 k\u00f6z\u00f6tti d\u0151l\u00e9ssz\u00f6g\u0171, talajra telep\u00edthet\u0151 rendszer\u00fcnk. A piacon el\u00e9rhet\u0151 leggyorsabb talajra telep\u00edthet\u0151 rendszer 700 kWp teljes\u00edtm\u00e9nyig teherg\u00e9pkocsiba is felpakolhat\u00f3. A rendszer telep\u00edt\u00e9se talajhorgonyok vagy ballasztk\u00f6vek seg\u00edts\u00e9g\u00e9vel t\u00f6rt\u00e9nik.<\/p><p>\u00a0<\/p><p>R\u00f6viden az el\u0151ny\u00f6kr\u0151l<\/p><ul><li style=\"list-style-type: none\"><ul><li style=\"list-style-type: none\"><ul><li style=\"list-style-type: none\"><ul><li>Nincs c\u00f6l\u00f6pver\u00e9s, nincsenek neh\u00e9zg\u00e9pek<\/li><li>Imm\u00e1r talajcsavaros megold\u00e1s biztos\u00edtja a gyors telep\u00edt\u00e9st \u00e9s a k\u00f6lts\u00e9gmegtakar\u00edt\u00e1st<\/li><\/ul><\/li><\/ul><\/li><\/ul><\/li><\/ul>\t\t\t\t\t\t\t\t<\/div>\n\t\t\t\t<\/div>\n\t\t\t\t\t<\/div>\n\t\t<\/div>\n\t\t\t\t\t<\/div>\n\t\t<\/section>\n\t\t\t\t<section class=\"elementor-section elementor-top-section elementor-element elementor-element-f674ded elementor-section-boxed elementor-section-height-default elementor-section-height-default parallax_section_no qode_elementor_container_no\" data-id=\"f674ded\" data-element_type=\"section\">\n\t\t\t\t\t\t<div class=\"elementor-container elementor-column-gap-default\">\n\t\t\t\t\t<div class=\"elementor-column elementor-col-100 elementor-top-column elementor-element elementor-element-e5d7612\" data-id=\"e5d7612\" data-element_type=\"column\">\n\t\t\t<div class=\"elementor-widget-wrap elementor-element-populated\">\n\t\t\t\t\t\t<div class=\"elementor-element elementor-element-15c02c0 elementor-widget elementor-widget-image\" data-id=\"15c02c0\" data-element_type=\"widget\" data-widget_type=\"image.default\">\n\t\t\t\t<div class=\"elementor-widget-container\">\n\t\t\t\t\t\t\t\t\t\t\t\t\t\t\t\t<a href=\"https:\/\/solarity.eu\/wp-content\/uploads\/2023\/03\/aerocompact-compactground-g15.png\" data-elementor-open-lightbox=\"yes\" data-elementor-lightbox-title=\"aerocompact-compactground-g15\" data-e-action-hash=\"#elementor-action%3Aaction%3Dlightbox%26settings%3DeyJpZCI6OTUyMzAsInVybCI6Imh0dHBzOlwvXC9zb2xhcml0eS5ldVwvd3AtY29udGVudFwvdXBsb2Fkc1wvMjAyM1wvMDNcL2Flcm9jb21wYWN0LWNvbXBhY3Rncm91bmQtZzE1LnBuZyJ9\">\n\t\t\t\t\t\t\t<img loading=\"lazy\" decoding=\"async\" width=\"1024\" height=\"576\" src=\"https:\/\/solarity.eu\/wp-content\/uploads\/2023\/03\/aerocompact-compactground-g15-1024x576.png\" class=\"attachment-large size-large wp-image-95230\" alt=\"\" srcset=\"https:\/\/solarity.eu\/wp-content\/uploads\/2023\/03\/aerocompact-compactground-g15-1024x576.png 1024w, https:\/\/solarity.eu\/wp-content\/uploads\/2023\/03\/aerocompact-compactground-g15-300x169.png 300w, https:\/\/solarity.eu\/wp-content\/uploads\/2023\/03\/aerocompact-compactground-g15-768x432.png 768w, https:\/\/solarity.eu\/wp-content\/uploads\/2023\/03\/aerocompact-compactground-g15-1536x864.png 1536w, https:\/\/solarity.eu\/wp-content\/uploads\/2023\/03\/aerocompact-compactground-g15-700x394.png 700w, https:\/\/solarity.eu\/wp-content\/uploads\/2023\/03\/aerocompact-compactground-g15-539x303.png 539w, https:\/\/solarity.eu\/wp-content\/uploads\/2023\/03\/aerocompact-compactground-g15.png 1895w\" sizes=\"(max-width: 1024px) 100vw, 1024px\" \/>\t\t\t\t\t\t\t\t<\/a>\n\t\t\t\t\t\t\t\t\t\t\t\t\t\t\t<\/div>\n\t\t\t\t<\/div>\n\t\t\t\t\t<\/div>\n\t\t<\/div>\n\t\t\t\t\t<\/div>\n\t\t<\/section>\n\t\t\t\t<section class=\"elementor-section elementor-top-section elementor-element elementor-element-70431fd elementor-section-boxed elementor-section-height-default elementor-section-height-default parallax_section_no qode_elementor_container_no\" data-id=\"70431fd\" data-element_type=\"section\">\n\t\t\t\t\t\t<div class=\"elementor-container elementor-column-gap-default\">\n\t\t\t\t\t<div class=\"elementor-column elementor-col-100 elementor-top-column elementor-element elementor-element-3c16a0e\" data-id=\"3c16a0e\" data-element_type=\"column\">\n\t\t\t<div class=\"elementor-widget-wrap elementor-element-populated\">\n\t\t\t\t\t\t<div class=\"elementor-element elementor-element-ce73c10 elementor-widget elementor-widget-image\" data-id=\"ce73c10\" data-element_type=\"widget\" data-widget_type=\"image.default\">\n\t\t\t\t<div class=\"elementor-widget-container\">\n\t\t\t\t\t\t\t\t\t\t\t\t\t\t\t\t<a href=\"https:\/\/solarity.eu\/wp-content\/uploads\/2023\/03\/aerocompact-compactground-g10plus.png\" data-elementor-open-lightbox=\"yes\" data-elementor-lightbox-title=\"aerocompact-compactground-g10plus\" data-e-action-hash=\"#elementor-action%3Aaction%3Dlightbox%26settings%3DeyJpZCI6OTUyMjIsInVybCI6Imh0dHBzOlwvXC9zb2xhcml0eS5ldVwvd3AtY29udGVudFwvdXBsb2Fkc1wvMjAyM1wvMDNcL2Flcm9jb21wYWN0LWNvbXBhY3Rncm91bmQtZzEwcGx1cy5wbmcifQ%3D%3D\">\n\t\t\t\t\t\t\t<img loading=\"lazy\" decoding=\"async\" width=\"1024\" height=\"576\" src=\"https:\/\/solarity.eu\/wp-content\/uploads\/2023\/03\/aerocompact-compactground-g10plus-1024x576.png\" class=\"attachment-large size-large wp-image-95222\" alt=\"\" srcset=\"https:\/\/solarity.eu\/wp-content\/uploads\/2023\/03\/aerocompact-compactground-g10plus-1024x576.png 1024w, https:\/\/solarity.eu\/wp-content\/uploads\/2023\/03\/aerocompact-compactground-g10plus-300x169.png 300w, https:\/\/solarity.eu\/wp-content\/uploads\/2023\/03\/aerocompact-compactground-g10plus-768x432.png 768w, https:\/\/solarity.eu\/wp-content\/uploads\/2023\/03\/aerocompact-compactground-g10plus-1536x864.png 1536w, https:\/\/solarity.eu\/wp-content\/uploads\/2023\/03\/aerocompact-compactground-g10plus-700x394.png 700w, https:\/\/solarity.eu\/wp-content\/uploads\/2023\/03\/aerocompact-compactground-g10plus-539x303.png 539w, https:\/\/solarity.eu\/wp-content\/uploads\/2023\/03\/aerocompact-compactground-g10plus.png 1895w\" sizes=\"(max-width: 1024px) 100vw, 1024px\" \/>\t\t\t\t\t\t\t\t<\/a>\n\t\t\t\t\t\t\t\t\t\t\t\t\t\t\t<\/div>\n\t\t\t\t<\/div>\n\t\t\t\t\t<\/div>\n\t\t<\/div>\n\t\t\t\t\t<\/div>\n\t\t<\/section>\n\t\t\t\t<section class=\"elementor-section elementor-top-section elementor-element elementor-element-42e06cf elementor-section-boxed elementor-section-height-default elementor-section-height-default parallax_section_no qode_elementor_container_no\" data-id=\"42e06cf\" data-element_type=\"section\">\n\t\t\t\t\t\t<div class=\"elementor-container elementor-column-gap-default\">\n\t\t\t\t\t<div class=\"elementor-column elementor-col-100 elementor-top-column elementor-element elementor-element-5af68fd\" data-id=\"5af68fd\" data-element_type=\"column\">\n\t\t\t<div class=\"elementor-widget-wrap elementor-element-populated\">\n\t\t\t\t\t\t<div class=\"elementor-element elementor-element-f9071dc elementor-widget elementor-widget-text-editor\" data-id=\"f9071dc\" data-element_type=\"widget\" data-widget_type=\"text-editor.default\">\n\t\t\t\t<div class=\"elementor-widget-container\">\n\t\t\t\t\t\t\t\t\t<p>A<strong> CompactGROUND RAM<\/strong> term\u00e9kcsal\u00e1dot kifejezetten a talajra t\u00f6rt\u00e9n\u0151 telep\u00edt\u00e9s c\u00f6l\u00f6prendszer\u00e9vel szembeni vil\u00e1gszerte t\u00e1masztott k\u00f6vetelm\u00e9nyek teljes\u00edt\u00e9s\u00e9re fejlesztett\u00e9k ki. A kiv\u00e1l\u00f3 min\u0151s\u00e9g\u0171 anyagok \u00e9s az ergonomikus kialak\u00edt\u00e1s mellett a r\u00f6vid \u00f6sszeszerel\u00e9si id\u0151 is a f\u0151 szempontok k\u00f6z\u00f6tt szerepelt. A CompactGROUND RAM rendszer \u201er\u00e9szletes hat\u00e9konys\u00e1ggal\u201d \u00f6tv\u00f6zi a kiv\u00e1l\u00f3 min\u0151s\u00e9g\u0171 anyagokat, a j\u00f3l \u00e1tgondolt konstrukci\u00f3t \u00e9s az \u00fcgyf\u00e9lk\u00f6zpont\u00fa gondolkod\u00e1st.<\/p>\t\t\t\t\t\t\t\t<\/div>\n\t\t\t\t<\/div>\n\t\t\t\t\t<\/div>\n\t\t<\/div>\n\t\t\t\t\t<\/div>\n\t\t<\/section>\n\t\t\t\t<section class=\"elementor-section elementor-top-section elementor-element elementor-element-71f1580 elementor-section-boxed elementor-section-height-default elementor-section-height-default parallax_section_no qode_elementor_container_no\" data-id=\"71f1580\" data-element_type=\"section\">\n\t\t\t\t\t\t<div class=\"elementor-container elementor-column-gap-default\">\n\t\t\t\t\t<div class=\"elementor-column elementor-col-100 elementor-top-column elementor-element elementor-element-e86b4cf\" data-id=\"e86b4cf\" data-element_type=\"column\">\n\t\t\t<div class=\"elementor-widget-wrap elementor-element-populated\">\n\t\t\t\t\t\t<div class=\"elementor-element elementor-element-552c9f9 elementor-widget elementor-widget-image\" data-id=\"552c9f9\" data-element_type=\"widget\" data-widget_type=\"image.default\">\n\t\t\t\t<div class=\"elementor-widget-container\">\n\t\t\t\t\t\t\t\t\t\t\t\t\t\t\t\t<a href=\"https:\/\/solarity.eu\/wp-content\/uploads\/2023\/03\/aerocompact-compactground-ram.png\" data-elementor-open-lightbox=\"yes\" data-elementor-lightbox-title=\"aerocompact-compactground-ram\" data-e-action-hash=\"#elementor-action%3Aaction%3Dlightbox%26settings%3DeyJpZCI6OTUyMzgsInVybCI6Imh0dHBzOlwvXC9zb2xhcml0eS5ldVwvd3AtY29udGVudFwvdXBsb2Fkc1wvMjAyM1wvMDNcL2Flcm9jb21wYWN0LWNvbXBhY3Rncm91bmQtcmFtLnBuZyJ9\">\n\t\t\t\t\t\t\t<img loading=\"lazy\" decoding=\"async\" width=\"1024\" height=\"341\" src=\"https:\/\/solarity.eu\/wp-content\/uploads\/2023\/03\/aerocompact-compactground-ram-1024x341.png\" class=\"attachment-large size-large wp-image-95238\" alt=\"\" srcset=\"https:\/\/solarity.eu\/wp-content\/uploads\/2023\/03\/aerocompact-compactground-ram-1024x341.png 1024w, https:\/\/solarity.eu\/wp-content\/uploads\/2023\/03\/aerocompact-compactground-ram-300x100.png 300w, https:\/\/solarity.eu\/wp-content\/uploads\/2023\/03\/aerocompact-compactground-ram-768x256.png 768w, https:\/\/solarity.eu\/wp-content\/uploads\/2023\/03\/aerocompact-compactground-ram-700x233.png 700w, https:\/\/solarity.eu\/wp-content\/uploads\/2023\/03\/aerocompact-compactground-ram.png 1200w\" sizes=\"(max-width: 1024px) 100vw, 1024px\" \/>\t\t\t\t\t\t\t\t<\/a>\n\t\t\t\t\t\t\t\t\t\t\t\t\t\t\t<\/div>\n\t\t\t\t<\/div>\n\t\t\t\t\t<\/div>\n\t\t<\/div>\n\t\t\t\t\t<\/div>\n\t\t<\/section>\n\t\t\t\t<section class=\"elementor-section elementor-top-section elementor-element elementor-element-639cb5f elementor-section-boxed elementor-section-height-default elementor-section-height-default parallax_section_no qode_elementor_container_no\" data-id=\"639cb5f\" data-element_type=\"section\">\n\t\t\t\t\t\t<div class=\"elementor-container elementor-column-gap-default\">\n\t\t\t\t\t<div class=\"elementor-column elementor-col-100 elementor-top-column elementor-element elementor-element-cadd94c\" data-id=\"cadd94c\" data-element_type=\"column\">\n\t\t\t<div class=\"elementor-widget-wrap elementor-element-populated\">\n\t\t\t\t\t\t<div class=\"elementor-element elementor-element-ce9470c elementor-widget elementor-widget-menu-anchor\" data-id=\"ce9470c\" data-element_type=\"widget\" data-widget_type=\"menu-anchor.default\">\n\t\t\t\t<div class=\"elementor-widget-container\">\n\t\t\t\t\t\t\t<div class=\"elementor-menu-anchor\" id=\"compactpitch\"><\/div>\n\t\t\t\t\t\t<\/div>\n\t\t\t\t<\/div>\n\t\t\t\t<div class=\"elementor-element elementor-element-f04247e elementor-widget elementor-widget-heading\" data-id=\"f04247e\" data-element_type=\"widget\" data-widget_type=\"heading.default\">\n\t\t\t\t<div class=\"elementor-widget-container\">\n\t\t\t\t\t<h3 class=\"elementor-heading-title elementor-size-default\">COMPACTPITCH<\/h3>\t\t\t\t<\/div>\n\t\t\t\t<\/div>\n\t\t\t\t\t<\/div>\n\t\t<\/div>\n\t\t\t\t\t<\/div>\n\t\t<\/section>\n\t\t\t\t<section class=\"elementor-section elementor-top-section elementor-element elementor-element-5905465 elementor-section-boxed elementor-section-height-default elementor-section-height-default parallax_section_no qode_elementor_container_no\" data-id=\"5905465\" data-element_type=\"section\">\n\t\t\t\t\t\t<div class=\"elementor-container elementor-column-gap-default\">\n\t\t\t\t\t<div class=\"elementor-column elementor-col-100 elementor-top-column elementor-element elementor-element-3cc4299\" data-id=\"3cc4299\" data-element_type=\"column\">\n\t\t\t<div class=\"elementor-widget-wrap elementor-element-populated\">\n\t\t\t\t\t\t<div class=\"elementor-element elementor-element-19bfe4f elementor-widget elementor-widget-text-editor\" data-id=\"19bfe4f\" data-element_type=\"widget\" data-widget_type=\"text-editor.default\">\n\t\t\t\t<div class=\"elementor-widget-container\">\n\t\t\t\t\t\t\t\t\t<p>A CompactPITCH term\u00e9kcsal\u00e1d kiv\u00e1l\u00f3 \u00e1r-teljes\u00edtm\u00e9ny ar\u00e1nyt k\u00edn\u00e1l. Az intelligens rendszer egyszer\u0171 telep\u00edt\u00e9s\u00e9vel id\u0151 \u00e9s er\u0151forr\u00e1sok takar\u00edthat\u00f3k meg, mik\u00f6zben alacsonyan tarthat\u00f3 a rendszer \u00e1ra.<\/p>\t\t\t\t\t\t\t\t<\/div>\n\t\t\t\t<\/div>\n\t\t\t\t\t<\/div>\n\t\t<\/div>\n\t\t\t\t\t<\/div>\n\t\t<\/section>\n\t\t\t\t<section class=\"elementor-section elementor-top-section elementor-element elementor-element-2a6ccd2 elementor-section-boxed elementor-section-height-default elementor-section-height-default parallax_section_no qode_elementor_container_no\" data-id=\"2a6ccd2\" data-element_type=\"section\">\n\t\t\t\t\t\t<div class=\"elementor-container elementor-column-gap-default\">\n\t\t\t\t\t<div class=\"elementor-column elementor-col-100 elementor-top-column elementor-element elementor-element-ec0f048\" data-id=\"ec0f048\" data-element_type=\"column\">\n\t\t\t<div class=\"elementor-widget-wrap elementor-element-populated\">\n\t\t\t\t\t\t<div class=\"elementor-element elementor-element-147ce1a elementor-widget elementor-widget-image\" data-id=\"147ce1a\" data-element_type=\"widget\" data-widget_type=\"image.default\">\n\t\t\t\t<div class=\"elementor-widget-container\">\n\t\t\t\t\t\t\t\t\t\t\t\t\t\t\t\t<a href=\"https:\/\/solarity.eu\/wp-content\/uploads\/2023\/03\/aerocompact-compactpitch.png\" data-elementor-open-lightbox=\"yes\" data-elementor-lightbox-title=\"aerocompact-compactpitch\" data-e-action-hash=\"#elementor-action%3Aaction%3Dlightbox%26settings%3DeyJpZCI6OTUxNzQsInVybCI6Imh0dHBzOlwvXC9zb2xhcml0eS5ldVwvd3AtY29udGVudFwvdXBsb2Fkc1wvMjAyM1wvMDNcL2Flcm9jb21wYWN0LWNvbXBhY3RwaXRjaC5wbmcifQ%3D%3D\">\n\t\t\t\t\t\t\t<img loading=\"lazy\" decoding=\"async\" width=\"1024\" height=\"576\" src=\"https:\/\/solarity.eu\/wp-content\/uploads\/2023\/03\/aerocompact-compactpitch-1024x576.png\" class=\"attachment-large size-large wp-image-95174\" alt=\"\" srcset=\"https:\/\/solarity.eu\/wp-content\/uploads\/2023\/03\/aerocompact-compactpitch-1024x576.png 1024w, https:\/\/solarity.eu\/wp-content\/uploads\/2023\/03\/aerocompact-compactpitch-300x169.png 300w, https:\/\/solarity.eu\/wp-content\/uploads\/2023\/03\/aerocompact-compactpitch-768x432.png 768w, https:\/\/solarity.eu\/wp-content\/uploads\/2023\/03\/aerocompact-compactpitch-1536x864.png 1536w, https:\/\/solarity.eu\/wp-content\/uploads\/2023\/03\/aerocompact-compactpitch-700x394.png 700w, https:\/\/solarity.eu\/wp-content\/uploads\/2023\/03\/aerocompact-compactpitch-539x303.png 539w, https:\/\/solarity.eu\/wp-content\/uploads\/2023\/03\/aerocompact-compactpitch.png 1895w\" sizes=\"(max-width: 1024px) 100vw, 1024px\" \/>\t\t\t\t\t\t\t\t<\/a>\n\t\t\t\t\t\t\t\t\t\t\t\t\t\t\t<\/div>\n\t\t\t\t<\/div>\n\t\t\t\t\t<\/div>\n\t\t<\/div>\n\t\t\t\t\t<\/div>\n\t\t<\/section>\n\t\t\t\t<section class=\"elementor-section elementor-top-section elementor-element elementor-element-0663b4a elementor-section-boxed elementor-section-height-default elementor-section-height-default parallax_section_no qode_elementor_container_no\" data-id=\"0663b4a\" data-element_type=\"section\">\n\t\t\t\t\t\t<div class=\"elementor-container elementor-column-gap-default\">\n\t\t\t\t\t<div class=\"elementor-column elementor-col-100 elementor-top-column elementor-element elementor-element-45da8ad\" data-id=\"45da8ad\" data-element_type=\"column\">\n\t\t\t<div class=\"elementor-widget-wrap elementor-element-populated\">\n\t\t\t\t\t\t<div class=\"elementor-element elementor-element-8727838 elementor-widget elementor-widget-menu-anchor\" data-id=\"8727838\" data-element_type=\"widget\" data-widget_type=\"menu-anchor.default\">\n\t\t\t\t<div class=\"elementor-widget-container\">\n\t\t\t\t\t\t\t<div class=\"elementor-menu-anchor\" id=\"compactmetal\"><\/div>\n\t\t\t\t\t\t<\/div>\n\t\t\t\t<\/div>\n\t\t\t\t<div class=\"elementor-element elementor-element-6134e14 elementor-widget elementor-widget-heading\" data-id=\"6134e14\" data-element_type=\"widget\" data-widget_type=\"heading.default\">\n\t\t\t\t<div class=\"elementor-widget-container\">\n\t\t\t\t\t<h3 class=\"elementor-heading-title elementor-size-default\">COMPACTMETAL <\/h3>\t\t\t\t<\/div>\n\t\t\t\t<\/div>\n\t\t\t\t\t<\/div>\n\t\t<\/div>\n\t\t\t\t\t<\/div>\n\t\t<\/section>\n\t\t\t\t<section class=\"elementor-section elementor-top-section elementor-element elementor-element-6939c28 elementor-section-boxed elementor-section-height-default elementor-section-height-default parallax_section_no qode_elementor_container_no\" data-id=\"6939c28\" data-element_type=\"section\">\n\t\t\t\t\t\t<div class=\"elementor-container elementor-column-gap-default\">\n\t\t\t\t\t<div class=\"elementor-column elementor-col-100 elementor-top-column elementor-element elementor-element-dda87bf\" data-id=\"dda87bf\" data-element_type=\"column\">\n\t\t\t<div class=\"elementor-widget-wrap elementor-element-populated\">\n\t\t\t\t\t\t<div class=\"elementor-element elementor-element-0446736 elementor-widget elementor-widget-text-editor\" data-id=\"0446736\" data-element_type=\"widget\" data-widget_type=\"text-editor.default\">\n\t\t\t\t<div class=\"elementor-widget-container\">\n\t\t\t\t\t\t\t\t\t<p>A speci\u00e1lis v\u00e1logat\u00e1s\u00fa \u00e9s kialak\u00edt\u00e1s\u00fa CompactMETAL term\u00e9kek a f\u00e9mtet\u0151k valamennyi t\u00edpus\u00e1hoz megfelelnek. Az egyes modulbilincsek a gyorsabb \u00f6sszeszerel\u00e9s \u00e9rdek\u00e9ben kattinthat\u00f3 v\u00e1ltozatban is kaphat\u00f3k. A bilincsek f\u00f6ldel\u0151t\u00fcsk\u00e9vel is rendelkez\u00e9sre \u00e1llnak.<\/p>\t\t\t\t\t\t\t\t<\/div>\n\t\t\t\t<\/div>\n\t\t\t\t\t<\/div>\n\t\t<\/div>\n\t\t\t\t\t<\/div>\n\t\t<\/section>\n\t\t\t\t<section class=\"elementor-section elementor-top-section elementor-element elementor-element-cdeb4b4 elementor-section-boxed elementor-section-height-default elementor-section-height-default parallax_section_no qode_elementor_container_no\" data-id=\"cdeb4b4\" data-element_type=\"section\">\n\t\t\t\t\t\t<div class=\"elementor-container elementor-column-gap-default\">\n\t\t\t\t\t<div class=\"elementor-column elementor-col-100 elementor-top-column elementor-element elementor-element-bc7aa43\" data-id=\"bc7aa43\" data-element_type=\"column\">\n\t\t\t<div class=\"elementor-widget-wrap elementor-element-populated\">\n\t\t\t\t\t\t<div class=\"elementor-element elementor-element-d94b955 elementor-widget elementor-widget-image\" data-id=\"d94b955\" data-element_type=\"widget\" data-widget_type=\"image.default\">\n\t\t\t\t<div class=\"elementor-widget-container\">\n\t\t\t\t\t\t\t\t\t\t\t\t\t\t\t\t<a href=\"https:\/\/solarity.eu\/wp-content\/uploads\/2023\/03\/aerocompact-compactmetal.png\" data-elementor-open-lightbox=\"yes\" data-elementor-lightbox-title=\"aerocompact-compactmetal\" data-e-action-hash=\"#elementor-action%3Aaction%3Dlightbox%26settings%3DeyJpZCI6OTUxNjYsInVybCI6Imh0dHBzOlwvXC9zb2xhcml0eS5ldVwvd3AtY29udGVudFwvdXBsb2Fkc1wvMjAyM1wvMDNcL2Flcm9jb21wYWN0LWNvbXBhY3RtZXRhbC5wbmcifQ%3D%3D\">\n\t\t\t\t\t\t\t<img loading=\"lazy\" decoding=\"async\" width=\"1024\" height=\"576\" src=\"https:\/\/solarity.eu\/wp-content\/uploads\/2023\/03\/aerocompact-compactmetal-1024x576.png\" class=\"attachment-large size-large wp-image-95166\" alt=\"\" srcset=\"https:\/\/solarity.eu\/wp-content\/uploads\/2023\/03\/aerocompact-compactmetal-1024x576.png 1024w, https:\/\/solarity.eu\/wp-content\/uploads\/2023\/03\/aerocompact-compactmetal-300x169.png 300w, https:\/\/solarity.eu\/wp-content\/uploads\/2023\/03\/aerocompact-compactmetal-768x432.png 768w, https:\/\/solarity.eu\/wp-content\/uploads\/2023\/03\/aerocompact-compactmetal-1536x864.png 1536w, https:\/\/solarity.eu\/wp-content\/uploads\/2023\/03\/aerocompact-compactmetal-700x394.png 700w, https:\/\/solarity.eu\/wp-content\/uploads\/2023\/03\/aerocompact-compactmetal-539x303.png 539w, https:\/\/solarity.eu\/wp-content\/uploads\/2023\/03\/aerocompact-compactmetal.png 1895w\" sizes=\"(max-width: 1024px) 100vw, 1024px\" \/>\t\t\t\t\t\t\t\t<\/a>\n\t\t\t\t\t\t\t\t\t\t\t\t\t\t\t<\/div>\n\t\t\t\t<\/div>\n\t\t\t\t\t<\/div>\n\t\t<\/div>\n\t\t\t\t\t<\/div>\n\t\t<\/section>\n\t\t\t\t<section class=\"elementor-section elementor-top-section elementor-element elementor-element-60785e1 elementor-section-boxed elementor-section-height-default elementor-section-height-default parallax_section_no qode_elementor_container_no\" data-id=\"60785e1\" data-element_type=\"section\">\n\t\t\t\t\t\t<div class=\"elementor-container elementor-column-gap-default\">\n\t\t\t\t\t<div class=\"elementor-column elementor-col-100 elementor-top-column elementor-element elementor-element-508cdb4\" data-id=\"508cdb4\" data-element_type=\"column\">\n\t\t\t<div class=\"elementor-widget-wrap elementor-element-populated\">\n\t\t\t\t\t\t<div class=\"elementor-element elementor-element-a213e72 elementor-widget elementor-widget-heading\" data-id=\"a213e72\" data-element_type=\"widget\" data-widget_type=\"heading.default\">\n\t\t\t\t<div class=\"elementor-widget-container\">\n\t\t\t\t\t<h2 class=\"elementor-heading-title elementor-size-default\">A Solarity \u00e9s az Aerocompact egy\u00fcttm\u0171k\u00f6d\u00e9se<\/h2>\t\t\t\t<\/div>\n\t\t\t\t<\/div>\n\t\t\t\t\t<\/div>\n\t\t<\/div>\n\t\t\t\t\t<\/div>\n\t\t<\/section>\n\t\t\t\t<section class=\"elementor-section elementor-top-section elementor-element elementor-element-57ba583 elementor-section-boxed elementor-section-height-default elementor-section-height-default parallax_section_no qode_elementor_container_no\" data-id=\"57ba583\" data-element_type=\"section\">\n\t\t\t\t\t\t<div class=\"elementor-container elementor-column-gap-default\">\n\t\t\t\t\t<div class=\"elementor-column elementor-col-100 elementor-top-column elementor-element elementor-element-1f71354\" data-id=\"1f71354\" data-element_type=\"column\">\n\t\t\t<div class=\"elementor-widget-wrap elementor-element-populated\">\n\t\t\t\t\t\t<div class=\"elementor-element elementor-element-cf8cc10 elementor-widget elementor-widget-text-editor\" data-id=\"cf8cc10\" data-element_type=\"widget\" data-widget_type=\"text-editor.default\">\n\t\t\t\t<div class=\"elementor-widget-container\">\n\t\t\t\t\t\t\t\t\t<p>A Solarity 2022-ben kezdte meg az Aerocompact megold\u00e1sainak hivatalos forgalmaz\u00e1s\u00e1t. A Solarity sz\u00e9les k\u00f6r\u0171 t\u00e1mogat\u00e1st ny\u00fajt az \u00fcgyfeleknek a rendszeres k\u00e9pz\u00e9ssel kezdve, a fejleszt\u00e9sen \u00e9s a konzult\u00e1ci\u00f3n \u00e1t eg\u00e9szen az \u00e1ruk k\u00e9szleten tart\u00e1s\u00e1ig. Ha \u00e9rdekl\u0151dik a napelemr\u00f6gz\u00edt\u0151 rendszerek ir\u00e1nt, tov\u00e1bbi inform\u00e1ci\u00f3k\u00e9rt <a href=\"https:\/\/solarity.eu\/hu\/contacts\/\" target=\"_blank\" rel=\"noopener\">forduljon hozz\u00e1nk<\/a>, vagy rendeljen a <a href=\"https:\/\/solarity.shop\/hu\/\" target=\"_blank\" rel=\"noopener\">solarity.shop\/hu<\/a> c\u00edmen el\u00e9rhet\u0151 web\u00e1ruh\u00e1zunkb\u00f3l.<\/p>\t\t\t\t\t\t\t\t<\/div>\n\t\t\t\t<\/div>\n\t\t\t\t\t<\/div>\n\t\t<\/div>\n\t\t\t\t\t<\/div>\n\t\t<\/section>\n\t\t\t\t<section class=\"elementor-section elementor-top-section elementor-element elementor-element-200d63e elementor-section-boxed elementor-section-height-default elementor-section-height-default parallax_section_no qode_elementor_container_no\" data-id=\"200d63e\" data-element_type=\"section\">\n\t\t\t\t\t\t<div class=\"elementor-container elementor-column-gap-default\">\n\t\t\t\t\t<div class=\"elementor-column elementor-col-100 elementor-top-column elementor-element elementor-element-82bc859\" data-id=\"82bc859\" data-element_type=\"column\">\n\t\t\t<div class=\"elementor-widget-wrap elementor-element-populated\">\n\t\t\t\t\t\t<div class=\"elementor-element elementor-element-467c53c elementor-widget elementor-widget-template\" data-id=\"467c53c\" data-element_type=\"widget\" data-widget_type=\"template.default\">\n\t\t\t\t<div class=\"elementor-widget-container\">\n\t\t\t\t\t\t\t<div class=\"elementor-template\">\n\t\t\t\t\t<div data-elementor-type=\"page\" data-elementor-id=\"64554\" class=\"elementor elementor-64554\" data-elementor-post-type=\"elementor_library\">\n\t\t\t\t\t\t<section class=\"elementor-section elementor-top-section elementor-element elementor-element-1aaa78b5 elementor-section-boxed elementor-section-height-default elementor-section-height-default parallax_section_no qode_elementor_container_no\" data-id=\"1aaa78b5\" data-element_type=\"section\">\n\t\t\t\t\t\t<div class=\"elementor-container elementor-column-gap-default\">\n\t\t\t\t\t<div class=\"elementor-column elementor-col-100 elementor-top-column elementor-element elementor-element-37c33bd1\" data-id=\"37c33bd1\" data-element_type=\"column\">\n\t\t\t<div class=\"elementor-widget-wrap elementor-element-populated\">\n\t\t\t\t\t\t<div class=\"elementor-element elementor-element-5f01bcbc elementor-widget elementor-widget-wp-widget-recent-posts\" data-id=\"5f01bcbc\" data-element_type=\"widget\" data-widget_type=\"wp-widget-recent-posts.default\">\n\t\t\t\t<div class=\"elementor-widget-container\">\n\t\t\t\t\t\n\t\t\n\t\t<h5>Posztok, amelyek tetszhetnek \u00d6nnek:<\/h5>\n\t\t<ul>\n\t\t\t\t\t\t\t\t\t\t\t<li>\n\t\t\t\t\t<a href=\"https:\/\/solarity.eu\/hu\/blog\/a-holnap-energiaja-a-10-mwh-akkumulatoros-projekt-epikus-utazasa-magyarorszagon\/\">A Holnap Energi\u00e1ja: A 10 MWh Akkumul\u00e1toros Projekt Epikus Utaz\u00e1sa Magyarorsz\u00e1gon<\/a>\n\t\t\t\t\t\t\t\t\t<\/li>\n\t\t\t\t\t\t\t\t\t\t\t<li>\n\t\t\t\t\t<a href=\"https:\/\/solarity.eu\/hu\/blog\/a-holnap-energiaellatasa-a-jinko-legjobb-bess-megoldasai\/\">A holnap energiaell\u00e1t\u00e1sa: a Jinko legjobb BESS-megold\u00e1sai<\/a>\n\t\t\t\t\t\t\t\t\t<\/li>\n\t\t\t\t\t\t\t\t\t\t\t<li>\n\t\t\t\t\t<a href=\"https:\/\/solarity.eu\/hu\/blog\/a-bevetel-es-a-hatekonysag-maximalizalasa-bess\/\">A bev\u00e9tel \u00e9s a hat\u00e9konys\u00e1g maximaliz\u00e1l\u00e1sa BESS<\/a>\n\t\t\t\t\t\t\t\t\t<\/li>\n\t\t\t\t\t\t\t\t\t\t\t<li>\n\t\t\t\t\t<a href=\"https:\/\/solarity.eu\/hu\/blog\/navigalas-a-negativ-villamosenergia-arkepzesben-bess\/\">Navig\u00e1l\u00e1s a negat\u00edv villamosenergia-\u00e1rk\u00e9pz\u00e9sben: BESS<\/a>\n\t\t\t\t\t\t\t\t\t<\/li>\n\t\t\t\t\t\t\t\t\t\t\t<li>\n\t\t\t\t\t<a href=\"https:\/\/solarity.eu\/hu\/blog\/bess-megoldasok-a-megkeresestol-a-hosszu-tavu-tamogatasig\/\">Solarity \u00e1tfog\u00f3 BESS-megold\u00e1sa: Az \u00e9rdekl\u0151d\u00e9st\u0151l a hossz\u00fa t\u00e1v\u00fa t\u00e1mogat\u00e1sig<\/a>\n\t\t\t\t\t\t\t\t\t<\/li>\n\t\t\t\t\t<\/ul>\n\n\t\t\t\t\t\t<\/div>\n\t\t\t\t<\/div>\n\t\t\t\t\t<\/div>\n\t\t<\/div>\n\t\t\t\t\t<\/div>\n\t\t<\/section>\n\t\t\t\t<section class=\"elementor-section elementor-top-section elementor-element elementor-element-4c800d2a elementor-section-boxed elementor-section-height-default elementor-section-height-default parallax_section_no qode_elementor_container_no\" data-id=\"4c800d2a\" data-element_type=\"section\">\n\t\t\t\t\t\t<div class=\"elementor-container elementor-column-gap-default\">\n\t\t\t\t\t<div class=\"elementor-column elementor-col-100 elementor-top-column elementor-element elementor-element-3dceb525\" data-id=\"3dceb525\" data-element_type=\"column\">\n\t\t\t<div class=\"elementor-widget-wrap elementor-element-populated\">\n\t\t\t\t\t\t<div class=\"elementor-element elementor-element-131bf79d elementor-widget-divider--view-line elementor-widget elementor-widget-divider\" data-id=\"131bf79d\" data-element_type=\"widget\" data-widget_type=\"divider.default\">\n\t\t\t\t<div class=\"elementor-widget-container\">\n\t\t\t\t\t\t\t<div class=\"elementor-divider\">\n\t\t\t<span class=\"elementor-divider-separator\">\n\t\t\t\t\t\t<\/span>\n\t\t<\/div>\n\t\t\t\t\t\t<\/div>\n\t\t\t\t<\/div>\n\t\t\t\t\t<\/div>\n\t\t<\/div>\n\t\t\t\t\t<\/div>\n\t\t<\/section>\n\t\t\t\t<section class=\"elementor-section elementor-inner-section elementor-element elementor-element-46a2f510 elementor-section-boxed elementor-section-height-default elementor-section-height-default parallax_section_no qode_elementor_container_no\" data-id=\"46a2f510\" data-element_type=\"section\">\n\t\t\t\t\t\t<div class=\"elementor-container elementor-column-gap-default\">\n\t\t\t\t\t<div class=\"elementor-column elementor-col-33 elementor-inner-column elementor-element elementor-element-5d7acce3\" data-id=\"5d7acce3\" data-element_type=\"column\">\n\t\t\t<div class=\"elementor-widget-wrap elementor-element-populated\">\n\t\t\t\t\t\t<div class=\"elementor-element elementor-element-61b98c6 elementor-hidden-mobile elementor-widget elementor-widget-image\" data-id=\"61b98c6\" data-element_type=\"widget\" data-widget_type=\"image.default\">\n\t\t\t\t<div class=\"elementor-widget-container\">\n\t\t\t\t\t\t\t\t\t\t\t\t\t\t\t<img loading=\"lazy\" decoding=\"async\" width=\"150\" height=\"150\" src=\"https:\/\/solarity.eu\/wp-content\/uploads\/2022\/06\/ikona_NL-8-150x150.png\" class=\"attachment-thumbnail size-thumbnail wp-image-64540\" alt=\"\" srcset=\"https:\/\/solarity.eu\/wp-content\/uploads\/2022\/06\/ikona_NL-8-150x150.png 150w, https:\/\/solarity.eu\/wp-content\/uploads\/2022\/06\/ikona_NL-8-300x300.png 300w, https:\/\/solarity.eu\/wp-content\/uploads\/2022\/06\/ikona_NL-8-570x570.png 570w, https:\/\/solarity.eu\/wp-content\/uploads\/2022\/06\/ikona_NL-8-500x500.png 500w, https:\/\/solarity.eu\/wp-content\/uploads\/2022\/06\/ikona_NL-8.png 600w\" sizes=\"(max-width: 150px) 100vw, 150px\" \/>\t\t\t\t\t\t\t\t\t\t\t\t\t\t\t<\/div>\n\t\t\t\t<\/div>\n\t\t\t\t\t<\/div>\n\t\t<\/div>\n\t\t\t\t<div class=\"elementor-column elementor-col-66 elementor-inner-column elementor-element elementor-element-191723a2\" data-id=\"191723a2\" data-element_type=\"column\">\n\t\t\t<div class=\"elementor-widget-wrap elementor-element-populated\">\n\t\t\t\t\t\t<div class=\"elementor-element elementor-element-7622934d elementor-widget elementor-widget-text-editor\" data-id=\"7622934d\" data-element_type=\"widget\" data-widget_type=\"text-editor.default\">\n\t\t\t\t<div class=\"elementor-widget-container\">\n\t\t\t\t\t\t\t\t\t<p style=\"color: #54595f;font-size: 2em;font-weight: 400\">Iratkozzon fel h\u00edrlevel\u00fcnkre<\/p><p style=\"color: #54595f;font-size: 1.2em;font-weight: 300\">\u00e9rtes\u00fclj\u00f6n az \u00fajdons\u00e1gokr\u00f3l!<\/p>\t\t\t\t\t\t\t\t<\/div>\n\t\t\t\t<\/div>\n\t\t\t\t<div class=\"elementor-element elementor-element-286d51d5 elementor-button-align-center elementor-widget elementor-widget-form\" data-id=\"286d51d5\" data-element_type=\"widget\" data-settings=\"{&quot;button_width&quot;:&quot;30&quot;,&quot;step_next_label&quot;:&quot;Next&quot;,&quot;step_previous_label&quot;:&quot;Previous&quot;,&quot;step_type&quot;:&quot;number_text&quot;,&quot;step_icon_shape&quot;:&quot;circle&quot;}\" data-widget_type=\"form.default\">\n\t\t\t\t<div class=\"elementor-widget-container\">\n\t\t\t\t\t\t\t<form class=\"elementor-form\" method=\"post\" id=\"thank_you_hu\" name=\"Newsletter HU\" aria-label=\"Newsletter HU\">\n\t\t\t<input type=\"hidden\" name=\"post_id\" value=\"64554\"\/>\n\t\t\t<input type=\"hidden\" name=\"form_id\" value=\"286d51d5\"\/>\n\t\t\t<input type=\"hidden\" name=\"referer_title\" value=\"Solarity\" \/>\n\n\t\t\t\n\t\t\t<div class=\"elementor-form-fields-wrapper elementor-labels-\">\n\t\t\t\t\t\t\t\t<div class=\"elementor-field-type-email elementor-field-group elementor-column elementor-field-group-email elementor-col-70 elementor-field-required\">\n\t\t\t\t\t\t\t\t\t\t\t\t\t<input size=\"1\" type=\"email\" name=\"form_fields[email]\" id=\"form-field-email\" class=\"elementor-field elementor-size-md  elementor-field-textual\" placeholder=\"K\u00e9rj\u00fck, \u00edrja be az e-mail c\u00edm\u00e9t\" required=\"required\">\n\t\t\t\t\t\t\t\t\t\t\t<\/div>\n\t\t\t\t\t\t\t\t<div class=\"elementor-field-group elementor-column elementor-field-type-submit elementor-col-30 e-form__buttons\">\n\t\t\t\t\t<button class=\"elementor-button elementor-size-sm\" type=\"submit\" id=\"hu_button_sub\">\n\t\t\t\t\t\t<span class=\"elementor-button-content-wrapper\">\n\t\t\t\t\t\t\t\t\t\t\t\t\t\t\t\t\t\t\t\t\t\t<span class=\"elementor-button-text\">FELIRATKOZ\u00c1S<\/span>\n\t\t\t\t\t\t\t\t\t\t\t\t\t<\/span>\n\t\t\t\t\t<\/button>\n\t\t\t\t<\/div>\n\t\t\t<\/div>\n\t\t<\/form>\n\t\t\t\t\t\t<\/div>\n\t\t\t\t<\/div>\n\t\t\t\t\t<\/div>\n\t\t<\/div>\n\t\t\t\t\t<\/div>\n\t\t<\/section>\n\t\t\t\t<\/div>\n\t\t\t\t<\/div>\n\t\t\t\t\t\t<\/div>\n\t\t\t\t<\/div>\n\t\t\t\t\t<\/div>\n\t\t<\/div>\n\t\t\t\t\t<\/div>\n\t\t<\/section>\n\t\t\t\t<\/div>\n\t\t","protected":false},"excerpt":{"rendered":"<p>A 2014-ben Mathias Muther \u00e1ltal alap\u00edtott, gyorsan n\u00f6vekv\u0151 v\u00e1llalat aerodinamikus al\u00e9p\u00edtm\u00e9nyek gy\u00e1rt\u00e1s\u00e1ra specializ\u00e1l\u00f3dott a napelemes \u00e1gazatban. A v\u00e1llalat a lapostet\u0151kre sz\u00e1nt, k\u00f6zvetlen csatlakoz\u00e1s n\u00e9lk\u00fcli napelemtart\u00f3 \u00e1llv\u00e1nyok gy\u00e1rt\u00e1s\u00e1ra \u00e9s \u00e9rt\u00e9kes\u00edt\u00e9s\u00e9re, valamint a minden \u00fcgyf\u00e9l sz\u00e1m\u00e1ra online ingyenesen el\u00e9rhet\u0151 AeroTOOL tervez\u0151szoftverre f\u00f3kusz\u00e1l. A term\u00e9kportf\u00f3li\u00f3ban imm\u00e1r ferde tet\u0151kh\u00f6z&#8230;<\/p>\n","protected":false},"author":30,"featured_media":95206,"comment_status":"closed","ping_status":"open","sticky":false,"template":"","format":"standard","meta":{"footnotes":""},"categories":[1661,1774,1665],"tags":[],"class_list":["post-95267","post","type-post","status-publish","format-standard","has-post-thumbnail","hentry","category-blog","category-news-hu","category-technical"],"yoast_head":"<!-- This site is optimized with the Yoast SEO Premium plugin v25.6 (Yoast SEO v25.6) - https:\/\/yoast.com\/wordpress\/plugins\/seo\/ -->\n<title>Aerocompact: napelemes rendszerek biztons\u00e1gos telep\u00edt\u00e9se vil\u00e1gszerte | Solarity - napelemes rendszerek forgalmaz\u00f3ja \u00e9s nagykeresked\u0151je<\/title>\n<meta name=\"description\" content=\"Az Aerocompact aerodinamikus al\u00e9p\u00edtm\u00e9nyek gy\u00e1rt\u00e1s\u00e1ra specializ\u00e1l\u00f3dott a napelemes \u00e1gazatban. A v\u00e1llalat a lapostet\u0151kre sz\u00e1nt, k\u00f6zvetlen csatlakoz\u00e1s n\u00e9lk\u00fcli napelemtart\u00f3 \u00e1llv\u00e1nyok gy\u00e1rt\u00e1s\u00e1ra \u00e9s \u00e9rt\u00e9kes\u00edt\u00e9s\u00e9re, valamint a minden \u00fcgyf\u00e9l sz\u00e1m\u00e1ra online ingyenesen el\u00e9rhet\u0151 AeroTOOL tervez\u0151szoftverre f\u00f3kusz\u00e1l.\" \/>\n<meta name=\"robots\" content=\"index, follow, max-snippet:-1, max-image-preview:large, max-video-preview:-1\" \/>\n<link rel=\"canonical\" href=\"https:\/\/solarity.eu\/hu\/blog\/aerocompact-napelemes-rendszerek-biztonsagos-telepitese-vilagszerte\/\" \/>\n<meta property=\"og:locale\" content=\"hu_HU\" \/>\n<meta property=\"og:type\" content=\"article\" \/>\n<meta property=\"og:title\" content=\"Aerocompact: napelemes rendszerek biztons\u00e1gos telep\u00edt\u00e9se vil\u00e1gszerte\" \/>\n<meta property=\"og:description\" content=\"Az Aerocompact aerodinamikus al\u00e9p\u00edtm\u00e9nyek gy\u00e1rt\u00e1s\u00e1ra specializ\u00e1l\u00f3dott a napelemes \u00e1gazatban. A v\u00e1llalat a lapostet\u0151kre sz\u00e1nt, k\u00f6zvetlen csatlakoz\u00e1s n\u00e9lk\u00fcli napelemtart\u00f3 \u00e1llv\u00e1nyok gy\u00e1rt\u00e1s\u00e1ra \u00e9s \u00e9rt\u00e9kes\u00edt\u00e9s\u00e9re, valamint a minden \u00fcgyf\u00e9l sz\u00e1m\u00e1ra online ingyenesen el\u00e9rhet\u0151 AeroTOOL tervez\u0151szoftverre f\u00f3kusz\u00e1l.\" \/>\n<meta property=\"og:url\" content=\"https:\/\/solarity.eu\/hu\/blog\/aerocompact-napelemes-rendszerek-biztonsagos-telepitese-vilagszerte\/\" \/>\n<meta property=\"og:site_name\" content=\"Solarity\" \/>\n<meta property=\"article:publisher\" content=\"https:\/\/www.facebook.com\/solaritycz\/\" \/>\n<meta property=\"article:published_time\" content=\"2023-03-07T16:45:48+00:00\" \/>\n<meta property=\"article:modified_time\" content=\"2023-09-07T13:22:17+00:00\" \/>\n<meta property=\"og:image\" content=\"https:\/\/solarity.eu\/wp-content\/uploads\/2023\/03\/aerocompact-compactflat-s05.png\" \/>\n\t<meta property=\"og:image:width\" content=\"1895\" \/>\n\t<meta property=\"og:image:height\" content=\"1066\" \/>\n\t<meta property=\"og:image:type\" content=\"image\/png\" \/>\n<meta name=\"author\" content=\"vaclav\" \/>\n<meta name=\"twitter:card\" content=\"summary_large_image\" \/>\n<meta name=\"twitter:label1\" content=\"Szerz\u0151:\" \/>\n\t<meta name=\"twitter:data1\" content=\"vaclav\" \/>\n\t<meta name=\"twitter:label2\" content=\"Becs\u00fclt olvas\u00e1si id\u0151\" \/>\n\t<meta name=\"twitter:data2\" content=\"5 perc\" \/>\n<script type=\"application\/ld+json\" class=\"yoast-schema-graph\">{\"@context\":\"https:\/\/schema.org\",\"@graph\":[{\"@type\":\"Article\",\"@id\":\"https:\/\/solarity.eu\/hu\/blog\/aerocompact-napelemes-rendszerek-biztonsagos-telepitese-vilagszerte\/#article\",\"isPartOf\":{\"@id\":\"https:\/\/solarity.eu\/hu\/blog\/aerocompact-napelemes-rendszerek-biztonsagos-telepitese-vilagszerte\/\"},\"author\":{\"name\":\"vaclav\",\"@id\":\"https:\/\/solarity.eu\/hu\/#\/schema\/person\/26227507ab7c74436d05b3e3460345bb\"},\"headline\":\"Aerocompact: napelemes rendszerek biztons\u00e1gos telep\u00edt\u00e9se vil\u00e1gszerte\",\"datePublished\":\"2023-03-07T16:45:48+00:00\",\"dateModified\":\"2023-09-07T13:22:17+00:00\",\"mainEntityOfPage\":{\"@id\":\"https:\/\/solarity.eu\/hu\/blog\/aerocompact-napelemes-rendszerek-biztonsagos-telepitese-vilagszerte\/\"},\"wordCount\":1087,\"publisher\":{\"@id\":\"https:\/\/solarity.eu\/hu\/#organization\"},\"image\":{\"@id\":\"https:\/\/solarity.eu\/hu\/blog\/aerocompact-napelemes-rendszerek-biztonsagos-telepitese-vilagszerte\/#primaryimage\"},\"thumbnailUrl\":\"https:\/\/solarity.eu\/wp-content\/uploads\/2023\/03\/aerocompact-compactflat-s05.png\",\"articleSection\":[\"blog\",\"News\",\"Technical\"],\"inLanguage\":\"hu\"},{\"@type\":\"WebPage\",\"@id\":\"https:\/\/solarity.eu\/hu\/blog\/aerocompact-napelemes-rendszerek-biztonsagos-telepitese-vilagszerte\/\",\"url\":\"https:\/\/solarity.eu\/hu\/blog\/aerocompact-napelemes-rendszerek-biztonsagos-telepitese-vilagszerte\/\",\"name\":\"Aerocompact: napelemes rendszerek biztons\u00e1gos telep\u00edt\u00e9se vil\u00e1gszerte | Solarity - napelemes rendszerek forgalmaz\u00f3ja \u00e9s nagykeresked\u0151je\",\"isPartOf\":{\"@id\":\"https:\/\/solarity.eu\/hu\/#website\"},\"primaryImageOfPage\":{\"@id\":\"https:\/\/solarity.eu\/hu\/blog\/aerocompact-napelemes-rendszerek-biztonsagos-telepitese-vilagszerte\/#primaryimage\"},\"image\":{\"@id\":\"https:\/\/solarity.eu\/hu\/blog\/aerocompact-napelemes-rendszerek-biztonsagos-telepitese-vilagszerte\/#primaryimage\"},\"thumbnailUrl\":\"https:\/\/solarity.eu\/wp-content\/uploads\/2023\/03\/aerocompact-compactflat-s05.png\",\"datePublished\":\"2023-03-07T16:45:48+00:00\",\"dateModified\":\"2023-09-07T13:22:17+00:00\",\"description\":\"Az Aerocompact aerodinamikus al\u00e9p\u00edtm\u00e9nyek gy\u00e1rt\u00e1s\u00e1ra specializ\u00e1l\u00f3dott a napelemes \u00e1gazatban. A v\u00e1llalat a lapostet\u0151kre sz\u00e1nt, k\u00f6zvetlen csatlakoz\u00e1s n\u00e9lk\u00fcli napelemtart\u00f3 \u00e1llv\u00e1nyok gy\u00e1rt\u00e1s\u00e1ra \u00e9s \u00e9rt\u00e9kes\u00edt\u00e9s\u00e9re, valamint a minden \u00fcgyf\u00e9l sz\u00e1m\u00e1ra online ingyenesen el\u00e9rhet\u0151 AeroTOOL tervez\u0151szoftverre f\u00f3kusz\u00e1l.\",\"breadcrumb\":{\"@id\":\"https:\/\/solarity.eu\/hu\/blog\/aerocompact-napelemes-rendszerek-biztonsagos-telepitese-vilagszerte\/#breadcrumb\"},\"inLanguage\":\"hu\",\"potentialAction\":[{\"@type\":\"ReadAction\",\"target\":[\"https:\/\/solarity.eu\/hu\/blog\/aerocompact-napelemes-rendszerek-biztonsagos-telepitese-vilagszerte\/\"]}]},{\"@type\":\"ImageObject\",\"inLanguage\":\"hu\",\"@id\":\"https:\/\/solarity.eu\/hu\/blog\/aerocompact-napelemes-rendszerek-biztonsagos-telepitese-vilagszerte\/#primaryimage\",\"url\":\"https:\/\/solarity.eu\/wp-content\/uploads\/2023\/03\/aerocompact-compactflat-s05.png\",\"contentUrl\":\"https:\/\/solarity.eu\/wp-content\/uploads\/2023\/03\/aerocompact-compactflat-s05.png\",\"width\":1895,\"height\":1066},{\"@type\":\"BreadcrumbList\",\"@id\":\"https:\/\/solarity.eu\/hu\/blog\/aerocompact-napelemes-rendszerek-biztonsagos-telepitese-vilagszerte\/#breadcrumb\",\"itemListElement\":[{\"@type\":\"ListItem\",\"position\":1,\"name\":\"Home\",\"item\":\"https:\/\/solarity.eu\/hu\/homepage\/\"},{\"@type\":\"ListItem\",\"position\":2,\"name\":\"Aerocompact: napelemes rendszerek biztons\u00e1gos telep\u00edt\u00e9se vil\u00e1gszerte\"}]},{\"@type\":\"WebSite\",\"@id\":\"https:\/\/solarity.eu\/hu\/#website\",\"url\":\"https:\/\/solarity.eu\/hu\/\",\"name\":\"Solarity\",\"description\":\"Distributor and wholesaler of photovoltaic systems\",\"publisher\":{\"@id\":\"https:\/\/solarity.eu\/hu\/#organization\"},\"potentialAction\":[{\"@type\":\"SearchAction\",\"target\":{\"@type\":\"EntryPoint\",\"urlTemplate\":\"https:\/\/solarity.eu\/hu\/?s={search_term_string}\"},\"query-input\":{\"@type\":\"PropertyValueSpecification\",\"valueRequired\":true,\"valueName\":\"search_term_string\"}}],\"inLanguage\":\"hu\"},{\"@type\":\"Organization\",\"@id\":\"https:\/\/solarity.eu\/hu\/#organization\",\"name\":\"Solarity\",\"url\":\"https:\/\/solarity.eu\/hu\/\",\"logo\":{\"@type\":\"ImageObject\",\"inLanguage\":\"hu\",\"@id\":\"https:\/\/solarity.eu\/hu\/#\/schema\/logo\/image\/\",\"url\":\"https:\/\/solarity.eu\/wp-content\/uploads\/2020\/08\/Solarity_Logo_new.jpg\",\"contentUrl\":\"https:\/\/solarity.eu\/wp-content\/uploads\/2020\/08\/Solarity_Logo_new.jpg\",\"width\":364,\"height\":59,\"caption\":\"Solarity\"},\"image\":{\"@id\":\"https:\/\/solarity.eu\/hu\/#\/schema\/logo\/image\/\"},\"sameAs\":[\"https:\/\/www.facebook.com\/solaritycz\/\"]},{\"@type\":\"Person\",\"@id\":\"https:\/\/solarity.eu\/hu\/#\/schema\/person\/26227507ab7c74436d05b3e3460345bb\",\"name\":\"vaclav\",\"image\":{\"@type\":\"ImageObject\",\"inLanguage\":\"hu\",\"@id\":\"https:\/\/solarity.eu\/hu\/#\/schema\/person\/image\/\",\"url\":\"https:\/\/secure.gravatar.com\/avatar\/fd784bc562120f53d98d327be996ebed77e28c70d9efd44a12f71eed9d9e3579?s=96&d=mm&r=g\",\"contentUrl\":\"https:\/\/secure.gravatar.com\/avatar\/fd784bc562120f53d98d327be996ebed77e28c70d9efd44a12f71eed9d9e3579?s=96&d=mm&r=g\",\"caption\":\"vaclav\"},\"url\":\"https:\/\/solarity.eu\/hu\/blog\/author\/vaclav\/\"}]}<\/script>\n<!-- \/ Yoast SEO Premium plugin. -->","yoast_head_json":{"title":"Aerocompact: napelemes rendszerek biztons\u00e1gos telep\u00edt\u00e9se vil\u00e1gszerte | Solarity - napelemes rendszerek forgalmaz\u00f3ja \u00e9s nagykeresked\u0151je","description":"Az Aerocompact aerodinamikus al\u00e9p\u00edtm\u00e9nyek gy\u00e1rt\u00e1s\u00e1ra specializ\u00e1l\u00f3dott a napelemes \u00e1gazatban. A v\u00e1llalat a lapostet\u0151kre sz\u00e1nt, k\u00f6zvetlen csatlakoz\u00e1s n\u00e9lk\u00fcli napelemtart\u00f3 \u00e1llv\u00e1nyok gy\u00e1rt\u00e1s\u00e1ra \u00e9s \u00e9rt\u00e9kes\u00edt\u00e9s\u00e9re, valamint a minden \u00fcgyf\u00e9l sz\u00e1m\u00e1ra online ingyenesen el\u00e9rhet\u0151 AeroTOOL tervez\u0151szoftverre f\u00f3kusz\u00e1l.","robots":{"index":"index","follow":"follow","max-snippet":"max-snippet:-1","max-image-preview":"max-image-preview:large","max-video-preview":"max-video-preview:-1"},"canonical":"https:\/\/solarity.eu\/hu\/blog\/aerocompact-napelemes-rendszerek-biztonsagos-telepitese-vilagszerte\/","og_locale":"hu_HU","og_type":"article","og_title":"Aerocompact: napelemes rendszerek biztons\u00e1gos telep\u00edt\u00e9se vil\u00e1gszerte","og_description":"Az Aerocompact aerodinamikus al\u00e9p\u00edtm\u00e9nyek gy\u00e1rt\u00e1s\u00e1ra specializ\u00e1l\u00f3dott a napelemes \u00e1gazatban. A v\u00e1llalat a lapostet\u0151kre sz\u00e1nt, k\u00f6zvetlen csatlakoz\u00e1s n\u00e9lk\u00fcli napelemtart\u00f3 \u00e1llv\u00e1nyok gy\u00e1rt\u00e1s\u00e1ra \u00e9s \u00e9rt\u00e9kes\u00edt\u00e9s\u00e9re, valamint a minden \u00fcgyf\u00e9l sz\u00e1m\u00e1ra online ingyenesen el\u00e9rhet\u0151 AeroTOOL tervez\u0151szoftverre f\u00f3kusz\u00e1l.","og_url":"https:\/\/solarity.eu\/hu\/blog\/aerocompact-napelemes-rendszerek-biztonsagos-telepitese-vilagszerte\/","og_site_name":"Solarity","article_publisher":"https:\/\/www.facebook.com\/solaritycz\/","article_published_time":"2023-03-07T16:45:48+00:00","article_modified_time":"2023-09-07T13:22:17+00:00","og_image":[{"width":1895,"height":1066,"url":"https:\/\/solarity.eu\/wp-content\/uploads\/2023\/03\/aerocompact-compactflat-s05.png","type":"image\/png"}],"author":"vaclav","twitter_card":"summary_large_image","twitter_misc":{"Szerz\u0151:":"vaclav","Becs\u00fclt olvas\u00e1si id\u0151":"5 perc"},"schema":{"@context":"https:\/\/schema.org","@graph":[{"@type":"Article","@id":"https:\/\/solarity.eu\/hu\/blog\/aerocompact-napelemes-rendszerek-biztonsagos-telepitese-vilagszerte\/#article","isPartOf":{"@id":"https:\/\/solarity.eu\/hu\/blog\/aerocompact-napelemes-rendszerek-biztonsagos-telepitese-vilagszerte\/"},"author":{"name":"vaclav","@id":"https:\/\/solarity.eu\/hu\/#\/schema\/person\/26227507ab7c74436d05b3e3460345bb"},"headline":"Aerocompact: napelemes rendszerek biztons\u00e1gos telep\u00edt\u00e9se vil\u00e1gszerte","datePublished":"2023-03-07T16:45:48+00:00","dateModified":"2023-09-07T13:22:17+00:00","mainEntityOfPage":{"@id":"https:\/\/solarity.eu\/hu\/blog\/aerocompact-napelemes-rendszerek-biztonsagos-telepitese-vilagszerte\/"},"wordCount":1087,"publisher":{"@id":"https:\/\/solarity.eu\/hu\/#organization"},"image":{"@id":"https:\/\/solarity.eu\/hu\/blog\/aerocompact-napelemes-rendszerek-biztonsagos-telepitese-vilagszerte\/#primaryimage"},"thumbnailUrl":"https:\/\/solarity.eu\/wp-content\/uploads\/2023\/03\/aerocompact-compactflat-s05.png","articleSection":["blog","News","Technical"],"inLanguage":"hu"},{"@type":"WebPage","@id":"https:\/\/solarity.eu\/hu\/blog\/aerocompact-napelemes-rendszerek-biztonsagos-telepitese-vilagszerte\/","url":"https:\/\/solarity.eu\/hu\/blog\/aerocompact-napelemes-rendszerek-biztonsagos-telepitese-vilagszerte\/","name":"Aerocompact: napelemes rendszerek biztons\u00e1gos telep\u00edt\u00e9se vil\u00e1gszerte | Solarity - napelemes rendszerek forgalmaz\u00f3ja \u00e9s nagykeresked\u0151je","isPartOf":{"@id":"https:\/\/solarity.eu\/hu\/#website"},"primaryImageOfPage":{"@id":"https:\/\/solarity.eu\/hu\/blog\/aerocompact-napelemes-rendszerek-biztonsagos-telepitese-vilagszerte\/#primaryimage"},"image":{"@id":"https:\/\/solarity.eu\/hu\/blog\/aerocompact-napelemes-rendszerek-biztonsagos-telepitese-vilagszerte\/#primaryimage"},"thumbnailUrl":"https:\/\/solarity.eu\/wp-content\/uploads\/2023\/03\/aerocompact-compactflat-s05.png","datePublished":"2023-03-07T16:45:48+00:00","dateModified":"2023-09-07T13:22:17+00:00","description":"Az Aerocompact aerodinamikus al\u00e9p\u00edtm\u00e9nyek gy\u00e1rt\u00e1s\u00e1ra specializ\u00e1l\u00f3dott a napelemes \u00e1gazatban. A v\u00e1llalat a lapostet\u0151kre sz\u00e1nt, k\u00f6zvetlen csatlakoz\u00e1s n\u00e9lk\u00fcli napelemtart\u00f3 \u00e1llv\u00e1nyok gy\u00e1rt\u00e1s\u00e1ra \u00e9s \u00e9rt\u00e9kes\u00edt\u00e9s\u00e9re, valamint a minden \u00fcgyf\u00e9l sz\u00e1m\u00e1ra online ingyenesen el\u00e9rhet\u0151 AeroTOOL tervez\u0151szoftverre f\u00f3kusz\u00e1l.","breadcrumb":{"@id":"https:\/\/solarity.eu\/hu\/blog\/aerocompact-napelemes-rendszerek-biztonsagos-telepitese-vilagszerte\/#breadcrumb"},"inLanguage":"hu","potentialAction":[{"@type":"ReadAction","target":["https:\/\/solarity.eu\/hu\/blog\/aerocompact-napelemes-rendszerek-biztonsagos-telepitese-vilagszerte\/"]}]},{"@type":"ImageObject","inLanguage":"hu","@id":"https:\/\/solarity.eu\/hu\/blog\/aerocompact-napelemes-rendszerek-biztonsagos-telepitese-vilagszerte\/#primaryimage","url":"https:\/\/solarity.eu\/wp-content\/uploads\/2023\/03\/aerocompact-compactflat-s05.png","contentUrl":"https:\/\/solarity.eu\/wp-content\/uploads\/2023\/03\/aerocompact-compactflat-s05.png","width":1895,"height":1066},{"@type":"BreadcrumbList","@id":"https:\/\/solarity.eu\/hu\/blog\/aerocompact-napelemes-rendszerek-biztonsagos-telepitese-vilagszerte\/#breadcrumb","itemListElement":[{"@type":"ListItem","position":1,"name":"Home","item":"https:\/\/solarity.eu\/hu\/homepage\/"},{"@type":"ListItem","position":2,"name":"Aerocompact: napelemes rendszerek biztons\u00e1gos telep\u00edt\u00e9se vil\u00e1gszerte"}]},{"@type":"WebSite","@id":"https:\/\/solarity.eu\/hu\/#website","url":"https:\/\/solarity.eu\/hu\/","name":"Solarity","description":"Distributor and wholesaler of photovoltaic systems","publisher":{"@id":"https:\/\/solarity.eu\/hu\/#organization"},"potentialAction":[{"@type":"SearchAction","target":{"@type":"EntryPoint","urlTemplate":"https:\/\/solarity.eu\/hu\/?s={search_term_string}"},"query-input":{"@type":"PropertyValueSpecification","valueRequired":true,"valueName":"search_term_string"}}],"inLanguage":"hu"},{"@type":"Organization","@id":"https:\/\/solarity.eu\/hu\/#organization","name":"Solarity","url":"https:\/\/solarity.eu\/hu\/","logo":{"@type":"ImageObject","inLanguage":"hu","@id":"https:\/\/solarity.eu\/hu\/#\/schema\/logo\/image\/","url":"https:\/\/solarity.eu\/wp-content\/uploads\/2020\/08\/Solarity_Logo_new.jpg","contentUrl":"https:\/\/solarity.eu\/wp-content\/uploads\/2020\/08\/Solarity_Logo_new.jpg","width":364,"height":59,"caption":"Solarity"},"image":{"@id":"https:\/\/solarity.eu\/hu\/#\/schema\/logo\/image\/"},"sameAs":["https:\/\/www.facebook.com\/solaritycz\/"]},{"@type":"Person","@id":"https:\/\/solarity.eu\/hu\/#\/schema\/person\/26227507ab7c74436d05b3e3460345bb","name":"vaclav","image":{"@type":"ImageObject","inLanguage":"hu","@id":"https:\/\/solarity.eu\/hu\/#\/schema\/person\/image\/","url":"https:\/\/secure.gravatar.com\/avatar\/fd784bc562120f53d98d327be996ebed77e28c70d9efd44a12f71eed9d9e3579?s=96&d=mm&r=g","contentUrl":"https:\/\/secure.gravatar.com\/avatar\/fd784bc562120f53d98d327be996ebed77e28c70d9efd44a12f71eed9d9e3579?s=96&d=mm&r=g","caption":"vaclav"},"url":"https:\/\/solarity.eu\/hu\/blog\/author\/vaclav\/"}]}},"_links":{"self":[{"href":"https:\/\/solarity.eu\/hu\/wp-json\/wp\/v2\/posts\/95267","targetHints":{"allow":["GET"]}}],"collection":[{"href":"https:\/\/solarity.eu\/hu\/wp-json\/wp\/v2\/posts"}],"about":[{"href":"https:\/\/solarity.eu\/hu\/wp-json\/wp\/v2\/types\/post"}],"author":[{"embeddable":true,"href":"https:\/\/solarity.eu\/hu\/wp-json\/wp\/v2\/users\/30"}],"replies":[{"embeddable":true,"href":"https:\/\/solarity.eu\/hu\/wp-json\/wp\/v2\/comments?post=95267"}],"version-history":[{"count":0,"href":"https:\/\/solarity.eu\/hu\/wp-json\/wp\/v2\/posts\/95267\/revisions"}],"wp:featuredmedia":[{"embeddable":true,"href":"https:\/\/solarity.eu\/hu\/wp-json\/wp\/v2\/media\/95206"}],"wp:attachment":[{"href":"https:\/\/solarity.eu\/hu\/wp-json\/wp\/v2\/media?parent=95267"}],"wp:term":[{"taxonomy":"category","embeddable":true,"href":"https:\/\/solarity.eu\/hu\/wp-json\/wp\/v2\/categories?post=95267"},{"taxonomy":"post_tag","embeddable":true,"href":"https:\/\/solarity.eu\/hu\/wp-json\/wp\/v2\/tags?post=95267"}],"curies":[{"name":"wp","href":"https:\/\/api.w.org\/{rel}","templated":true}]}}