{"id":18582,"date":"2021-03-04T11:05:49","date_gmt":"2021-03-04T11:05:49","guid":{"rendered":"https:\/\/solarity.pl\/?p=18582"},"modified":"2024-05-13T18:31:14","modified_gmt":"2024-05-13T18:31:14","slug":"wkrocz-z-nami-w-przyszlosc-jak-wybrac-domowa-stacje-ladowania-pojazdow-elektrycznych","status":"publish","type":"post","link":"https:\/\/solarity.eu\/pl\/blog\/wkrocz-z-nami-w-przyszlosc-jak-wybrac-domowa-stacje-ladowania-pojazdow-elektrycznych\/","title":{"rendered":"Wkrocz z nami w przysz\u0142o\u015b\u0107: jak wybra\u0107 domow\u0105 stacj\u0119 \u0142adowania pojazd\u00f3w elektrycznych"},"content":{"rendered":"\t\t<div data-elementor-type=\"wp-post\" data-elementor-id=\"18582\" class=\"elementor elementor-18582\" data-elementor-post-type=\"post\">\n\t\t\t\t\t\t<section class=\"elementor-section elementor-top-section elementor-element elementor-element-1a9dafc7 elementor-section-boxed elementor-section-height-default elementor-section-height-default parallax_section_no qode_elementor_container_no\" data-id=\"1a9dafc7\" data-element_type=\"section\">\n\t\t\t\t\t\t<div class=\"elementor-container elementor-column-gap-default\">\n\t\t\t\t\t<div class=\"elementor-column elementor-col-100 elementor-top-column elementor-element elementor-element-fa7dadd\" data-id=\"fa7dadd\" data-element_type=\"column\">\n\t\t\t<div class=\"elementor-widget-wrap elementor-element-populated\">\n\t\t\t\t\t\t<div class=\"elementor-element elementor-element-50cde642 elementor-widget elementor-widget-theme-post-title elementor-page-title elementor-widget-heading\" data-id=\"50cde642\" data-element_type=\"widget\" data-widget_type=\"theme-post-title.default\">\n\t\t\t\t<div class=\"elementor-widget-container\">\n\t\t\t\t\t<h1 class=\"elementor-heading-title elementor-size-default\">Wkrocz z nami w przysz\u0142o\u015b\u0107: jak wybra\u0107 domow\u0105 stacj\u0119 \u0142adowania pojazd\u00f3w elektrycznych<\/h1>\t\t\t\t<\/div>\n\t\t\t\t<\/div>\n\t\t\t\t\t<\/div>\n\t\t<\/div>\n\t\t\t\t\t<\/div>\n\t\t<\/section>\n\t\t\t\t<section class=\"elementor-section elementor-top-section elementor-element elementor-element-c6cc8c1 elementor-section-boxed elementor-section-height-default elementor-section-height-default parallax_section_no qode_elementor_container_no\" data-id=\"c6cc8c1\" data-element_type=\"section\">\n\t\t\t\t\t\t<div class=\"elementor-container elementor-column-gap-default\">\n\t\t\t\t\t<div class=\"elementor-column elementor-col-50 elementor-top-column elementor-element elementor-element-5ce927e\" data-id=\"5ce927e\" data-element_type=\"column\">\n\t\t\t<div class=\"elementor-widget-wrap elementor-element-populated\">\n\t\t\t\t\t\t<div class=\"elementor-element elementor-element-585377ab elementor-widget elementor-widget-text-editor\" data-id=\"585377ab\" data-element_type=\"widget\" data-widget_type=\"text-editor.default\">\n\t\t\t\t<div class=\"elementor-widget-container\">\n\t\t\t\t\t\t\t\t\t<p><span style=\"font-weight: 400\">W 1990 roku firma General Motors przedstawi\u0142a swoje pierwsze komercyjne pojazdy elektryczne (EV). Od tego czasu popularno\u015b\u0107 pojazd\u00f3w elektrycznych wzrasta wyk\u0142adniczo za spraw\u0105 <\/span><b>poprawy ich wydajno\u015bci oraz ich cech i zalet, kt\u00f3re sprzyjaj\u0105 \u015brodowisku<\/b><span style=\"font-weight: 400\">. Szacuje si\u0119, \u017ce w trakcie trwania aktualnej dekady pojazdy elektryczne stan\u0105 si\u0119 <\/span><a href=\"https:\/\/solarity.eu\/blog\/main-trends-for-the-pv-industry-in-2021-complete-list\/\" target=\"_blank\" rel=\"noopener\"><span style=\"font-weight: 400\">jeszcze bardziej popularne<\/span><\/a><span style=\"font-weight: 400\">, stopniowo zast\u0119puj\u0105c tradycyjne samochody z silnikami spalinowymi.<\/span><\/p>\t\t\t\t\t\t\t\t<\/div>\n\t\t\t\t<\/div>\n\t\t\t\t\t<\/div>\n\t\t<\/div>\n\t\t\t\t<div class=\"elementor-column elementor-col-50 elementor-top-column elementor-element elementor-element-22161d7\" data-id=\"22161d7\" data-element_type=\"column\">\n\t\t\t<div class=\"elementor-widget-wrap elementor-element-populated\">\n\t\t\t\t\t\t<div class=\"elementor-element elementor-element-38955c8 elementor-widget elementor-widget-template\" data-id=\"38955c8\" data-element_type=\"widget\" data-widget_type=\"template.default\">\n\t\t\t\t<div class=\"elementor-widget-container\">\n\t\t\t\t\t\t\t<div class=\"elementor-template\">\n\t\t\t\t\t<div data-elementor-type=\"page\" data-elementor-id=\"157416\" class=\"elementor elementor-157416 elementor-157223\" data-elementor-post-type=\"elementor_library\">\n\t\t\t\t\t\t<section class=\"elementor-section elementor-top-section elementor-element elementor-element-f7e2604 elementor-section-boxed elementor-section-height-default elementor-section-height-default parallax_section_no qode_elementor_container_no\" data-id=\"f7e2604\" data-element_type=\"section\">\n\t\t\t\t\t\t<div class=\"elementor-container elementor-column-gap-default\">\n\t\t\t\t\t<div class=\"elementor-column elementor-col-100 elementor-top-column elementor-element elementor-element-1de45ad\" data-id=\"1de45ad\" data-element_type=\"column\">\n\t\t\t<div class=\"elementor-widget-wrap elementor-element-populated\">\n\t\t\t\t\t\t<div class=\"elementor-element elementor-element-0947d4a elementor-align-center elementor-widget elementor-widget-button\" data-id=\"0947d4a\" data-element_type=\"widget\" data-widget_type=\"button.default\">\n\t\t\t\t<div class=\"elementor-widget-container\">\n\t\t\t\t\t\t\t\t\t<div class=\"elementor-button-wrapper\">\n\t\t\t\t\t<a class=\"elementor-button elementor-button-link elementor-size-md\" href=\"https:\/\/solarity.eu\/pl\/contact-us\/\">\n\t\t\t\t\t\t<span class=\"elementor-button-content-wrapper\">\n\t\t\t\t\t\t\t\t\t<span class=\"elementor-button-text\">Jestem zainteresowany wsp\u00f3\u0142prac\u0105<\/span>\n\t\t\t\t\t<\/span>\n\t\t\t\t\t<\/a>\n\t\t\t\t<\/div>\n\t\t\t\t\t\t\t\t<\/div>\n\t\t\t\t<\/div>\n\t\t\t\t\t<\/div>\n\t\t<\/div>\n\t\t\t\t\t<\/div>\n\t\t<\/section>\n\t\t\t\t<\/div>\n\t\t\t\t<\/div>\n\t\t\t\t\t\t<\/div>\n\t\t\t\t<\/div>\n\t\t\t\t\t<\/div>\n\t\t<\/div>\n\t\t\t\t\t<\/div>\n\t\t<\/section>\n\t\t\t\t<section class=\"elementor-section elementor-top-section elementor-element elementor-element-1167e890 elementor-section-boxed elementor-section-height-default elementor-section-height-default parallax_section_no qode_elementor_container_no\" data-id=\"1167e890\" data-element_type=\"section\">\n\t\t\t\t\t\t<div class=\"elementor-container elementor-column-gap-default\">\n\t\t\t\t\t<div class=\"elementor-column elementor-col-100 elementor-top-column elementor-element elementor-element-b57a33f\" data-id=\"b57a33f\" data-element_type=\"column\">\n\t\t\t<div class=\"elementor-widget-wrap elementor-element-populated\">\n\t\t\t\t\t\t<div class=\"elementor-element elementor-element-4ed4992 elementor-widget elementor-widget-read-more\" data-id=\"4ed4992\" data-element_type=\"widget\" data-widget_type=\"read-more.default\">\n\t\t\t\t<div class=\"elementor-widget-container\">\n\t\t\t\t\t<\/div><\/div><\/div><\/div><\/div><\/section><\/div> <a href=\"https:\/\/solarity.eu\/pl\/blog\/wkrocz-z-nami-w-przyszlosc-jak-wybrac-domowa-stacje-ladowania-pojazdow-elektrycznych\/#more-18582\" class=\"more-link elementor-more-link\"><span aria-label=\"Czytaj dalej Wkrocz z nami w przysz\u0142o\u015b\u0107: jak wybra\u0107 domow\u0105 stacj\u0119 \u0142adowania pojazd\u00f3w elektrycznych\">Continue reading<\/span><\/a>","protected":false},"excerpt":{"rendered":"<p>W 1990 roku firma General Motors przedstawi\u0142a swoje pierwsze komercyjne pojazdy elektryczne (EV). Od tego czasu popularno\u015b\u0107 pojazd\u00f3w elektrycznych wzrasta wyk\u0142adniczo za spraw\u0105 poprawy ich wydajno\u015bci oraz ich cech i zalet, kt\u00f3re sprzyjaj\u0105 \u015brodowisku. Szacuje si\u0119, \u017ce w trakcie trwania aktualnej dekady pojazdy elektryczne stan\u0105&#8230;<\/p>\n","protected":false},"author":30,"featured_media":57521,"comment_status":"closed","ping_status":"closed","sticky":false,"template":"","format":"standard","meta":{"footnotes":""},"categories":[1653,1648,1649],"tags":[],"class_list":["post-18582","post","type-post","status-publish","format-standard","has-post-thumbnail","hentry","category-industry","category-technical","category-blog"],"yoast_head":"<!-- This site is optimized with the Yoast SEO Premium plugin v25.6 (Yoast SEO v25.6) - https:\/\/yoast.com\/wordpress\/plugins\/seo\/ -->\n<title>Jak wybra\u0107 domow\u0105 stacj\u0119 \u0142adowania pojazd\u00f3w elektrycznych | Solarity<\/title>\n<meta name=\"description\" content=\"Wybierz odpowiedni\u0105 domow\u0105 stacj\u0119 \u0142adowania pojazd\u00f3w elektrycznych w oparciu o typ z\u0142\u0105cza, pr\u0119dko\u015b\u0107 \u0142adowania i lokalizacj\u0119 instalacji.\" \/>\n<meta name=\"robots\" content=\"index, follow, max-snippet:-1, max-image-preview:large, max-video-preview:-1\" \/>\n<link rel=\"canonical\" href=\"https:\/\/solarity.eu\/pl\/blog\/wkrocz-z-nami-w-przyszlosc-jak-wybrac-domowa-stacje-ladowania-pojazdow-elektrycznych\/\" \/>\n<meta property=\"og:locale\" content=\"pl_PL\" \/>\n<meta property=\"og:type\" content=\"article\" \/>\n<meta property=\"og:title\" content=\"Wkrocz z nami w przysz\u0142o\u015b\u0107: jak wybra\u0107 domow\u0105 stacj\u0119 \u0142adowania pojazd\u00f3w elektrycznych\" \/>\n<meta property=\"og:description\" content=\"Wybierz odpowiedni\u0105 domow\u0105 stacj\u0119 \u0142adowania pojazd\u00f3w elektrycznych w oparciu o typ z\u0142\u0105cza, pr\u0119dko\u015b\u0107 \u0142adowania i lokalizacj\u0119 instalacji.\" \/>\n<meta property=\"og:url\" content=\"https:\/\/solarity.eu\/pl\/blog\/wkrocz-z-nami-w-przyszlosc-jak-wybrac-domowa-stacje-ladowania-pojazdow-elektrycznych\/\" \/>\n<meta property=\"og:site_name\" content=\"Solarity\" \/>\n<meta property=\"article:publisher\" content=\"https:\/\/www.facebook.com\/solaritycz\/\" \/>\n<meta property=\"article:published_time\" content=\"2021-03-04T11:05:49+00:00\" \/>\n<meta property=\"article:modified_time\" content=\"2024-05-13T18:31:14+00:00\" \/>\n<meta property=\"og:image\" content=\"https:\/\/solarity.eu\/wp-content\/uploads\/2022\/06\/125_EV_Charging_01_Kreslici_platno_1-3.jpg\" \/>\n\t<meta property=\"og:image:width\" content=\"851\" \/>\n\t<meta property=\"og:image:height\" content=\"851\" \/>\n\t<meta property=\"og:image:type\" content=\"image\/jpeg\" \/>\n<meta name=\"author\" content=\"vaclav\" \/>\n<meta name=\"twitter:card\" content=\"summary_large_image\" \/>\n<meta name=\"twitter:label1\" content=\"Napisane przez\" \/>\n\t<meta name=\"twitter:data1\" content=\"vaclav\" \/>\n<script type=\"application\/ld+json\" class=\"yoast-schema-graph\">{\"@context\":\"https:\/\/schema.org\",\"@graph\":[{\"@type\":\"Article\",\"@id\":\"https:\/\/solarity.eu\/pl\/blog\/wkrocz-z-nami-w-przyszlosc-jak-wybrac-domowa-stacje-ladowania-pojazdow-elektrycznych\/#article\",\"isPartOf\":{\"@id\":\"https:\/\/solarity.eu\/pl\/blog\/wkrocz-z-nami-w-przyszlosc-jak-wybrac-domowa-stacje-ladowania-pojazdow-elektrycznych\/\"},\"author\":{\"name\":\"vaclav\",\"@id\":\"https:\/\/solarity.eu\/pl\/#\/schema\/person\/26227507ab7c74436d05b3e3460345bb\"},\"headline\":\"Wkrocz z nami w przysz\u0142o\u015b\u0107: jak wybra\u0107 domow\u0105 stacj\u0119 \u0142adowania pojazd\u00f3w elektrycznych\",\"datePublished\":\"2021-03-04T11:05:49+00:00\",\"dateModified\":\"2024-05-13T18:31:14+00:00\",\"mainEntityOfPage\":{\"@id\":\"https:\/\/solarity.eu\/pl\/blog\/wkrocz-z-nami-w-przyszlosc-jak-wybrac-domowa-stacje-ladowania-pojazdow-elektrycznych\/\"},\"wordCount\":1365,\"publisher\":{\"@id\":\"https:\/\/solarity.eu\/pl\/#organization\"},\"image\":{\"@id\":\"https:\/\/solarity.eu\/pl\/blog\/wkrocz-z-nami-w-przyszlosc-jak-wybrac-domowa-stacje-ladowania-pojazdow-elektrycznych\/#primaryimage\"},\"thumbnailUrl\":\"https:\/\/solarity.eu\/wp-content\/uploads\/2022\/06\/125_EV_Charging_01_Kreslici_platno_1-3.jpg\",\"articleSection\":[\"Aktualno\u015bci z bran\u017cy\",\"Artyku\u0142y techniczne\",\"blog\"],\"inLanguage\":\"pl-PL\"},{\"@type\":\"WebPage\",\"@id\":\"https:\/\/solarity.eu\/pl\/blog\/wkrocz-z-nami-w-przyszlosc-jak-wybrac-domowa-stacje-ladowania-pojazdow-elektrycznych\/\",\"url\":\"https:\/\/solarity.eu\/pl\/blog\/wkrocz-z-nami-w-przyszlosc-jak-wybrac-domowa-stacje-ladowania-pojazdow-elektrycznych\/\",\"name\":\"Jak wybra\u0107 domow\u0105 stacj\u0119 \u0142adowania pojazd\u00f3w elektrycznych | Solarity\",\"isPartOf\":{\"@id\":\"https:\/\/solarity.eu\/pl\/#website\"},\"primaryImageOfPage\":{\"@id\":\"https:\/\/solarity.eu\/pl\/blog\/wkrocz-z-nami-w-przyszlosc-jak-wybrac-domowa-stacje-ladowania-pojazdow-elektrycznych\/#primaryimage\"},\"image\":{\"@id\":\"https:\/\/solarity.eu\/pl\/blog\/wkrocz-z-nami-w-przyszlosc-jak-wybrac-domowa-stacje-ladowania-pojazdow-elektrycznych\/#primaryimage\"},\"thumbnailUrl\":\"https:\/\/solarity.eu\/wp-content\/uploads\/2022\/06\/125_EV_Charging_01_Kreslici_platno_1-3.jpg\",\"datePublished\":\"2021-03-04T11:05:49+00:00\",\"dateModified\":\"2024-05-13T18:31:14+00:00\",\"description\":\"Wybierz odpowiedni\u0105 domow\u0105 stacj\u0119 \u0142adowania pojazd\u00f3w elektrycznych w oparciu o typ z\u0142\u0105cza, pr\u0119dko\u015b\u0107 \u0142adowania i lokalizacj\u0119 instalacji.\",\"breadcrumb\":{\"@id\":\"https:\/\/solarity.eu\/pl\/blog\/wkrocz-z-nami-w-przyszlosc-jak-wybrac-domowa-stacje-ladowania-pojazdow-elektrycznych\/#breadcrumb\"},\"inLanguage\":\"pl-PL\",\"potentialAction\":[{\"@type\":\"ReadAction\",\"target\":[\"https:\/\/solarity.eu\/pl\/blog\/wkrocz-z-nami-w-przyszlosc-jak-wybrac-domowa-stacje-ladowania-pojazdow-elektrycznych\/\"]}]},{\"@type\":\"ImageObject\",\"inLanguage\":\"pl-PL\",\"@id\":\"https:\/\/solarity.eu\/pl\/blog\/wkrocz-z-nami-w-przyszlosc-jak-wybrac-domowa-stacje-ladowania-pojazdow-elektrycznych\/#primaryimage\",\"url\":\"https:\/\/solarity.eu\/wp-content\/uploads\/2022\/06\/125_EV_Charging_01_Kreslici_platno_1-3.jpg\",\"contentUrl\":\"https:\/\/solarity.eu\/wp-content\/uploads\/2022\/06\/125_EV_Charging_01_Kreslici_platno_1-3.jpg\",\"width\":851,\"height\":851},{\"@type\":\"BreadcrumbList\",\"@id\":\"https:\/\/solarity.eu\/pl\/blog\/wkrocz-z-nami-w-przyszlosc-jak-wybrac-domowa-stacje-ladowania-pojazdow-elektrycznych\/#breadcrumb\",\"itemListElement\":[{\"@type\":\"ListItem\",\"position\":1,\"name\":\"Home\",\"item\":\"https:\/\/solarity.eu\/pl\/homepage\/\"},{\"@type\":\"ListItem\",\"position\":2,\"name\":\"Wkrocz z nami w przysz\u0142o\u015b\u0107: jak wybra\u0107 domow\u0105 stacj\u0119 \u0142adowania pojazd\u00f3w elektrycznych\"}]},{\"@type\":\"WebSite\",\"@id\":\"https:\/\/solarity.eu\/pl\/#website\",\"url\":\"https:\/\/solarity.eu\/pl\/\",\"name\":\"Solarity\",\"description\":\"Distributor and wholesaler of photovoltaic systems\",\"publisher\":{\"@id\":\"https:\/\/solarity.eu\/pl\/#organization\"},\"potentialAction\":[{\"@type\":\"SearchAction\",\"target\":{\"@type\":\"EntryPoint\",\"urlTemplate\":\"https:\/\/solarity.eu\/pl\/?s={search_term_string}\"},\"query-input\":{\"@type\":\"PropertyValueSpecification\",\"valueRequired\":true,\"valueName\":\"search_term_string\"}}],\"inLanguage\":\"pl-PL\"},{\"@type\":\"Organization\",\"@id\":\"https:\/\/solarity.eu\/pl\/#organization\",\"name\":\"Solarity\",\"url\":\"https:\/\/solarity.eu\/pl\/\",\"logo\":{\"@type\":\"ImageObject\",\"inLanguage\":\"pl-PL\",\"@id\":\"https:\/\/solarity.eu\/pl\/#\/schema\/logo\/image\/\",\"url\":\"https:\/\/solarity.eu\/wp-content\/uploads\/2020\/08\/Solarity_Logo_new.jpg\",\"contentUrl\":\"https:\/\/solarity.eu\/wp-content\/uploads\/2020\/08\/Solarity_Logo_new.jpg\",\"width\":364,\"height\":59,\"caption\":\"Solarity\"},\"image\":{\"@id\":\"https:\/\/solarity.eu\/pl\/#\/schema\/logo\/image\/\"},\"sameAs\":[\"https:\/\/www.facebook.com\/solaritycz\/\"]},{\"@type\":\"Person\",\"@id\":\"https:\/\/solarity.eu\/pl\/#\/schema\/person\/26227507ab7c74436d05b3e3460345bb\",\"name\":\"vaclav\",\"image\":{\"@type\":\"ImageObject\",\"inLanguage\":\"pl-PL\",\"@id\":\"https:\/\/solarity.eu\/pl\/#\/schema\/person\/image\/\",\"url\":\"https:\/\/secure.gravatar.com\/avatar\/fd784bc562120f53d98d327be996ebed77e28c70d9efd44a12f71eed9d9e3579?s=96&d=mm&r=g\",\"contentUrl\":\"https:\/\/secure.gravatar.com\/avatar\/fd784bc562120f53d98d327be996ebed77e28c70d9efd44a12f71eed9d9e3579?s=96&d=mm&r=g\",\"caption\":\"vaclav\"},\"url\":\"https:\/\/solarity.eu\/pl\/blog\/author\/vaclav\/\"}]}<\/script>\n<!-- \/ Yoast SEO Premium plugin. -->","yoast_head_json":{"title":"Jak wybra\u0107 domow\u0105 stacj\u0119 \u0142adowania pojazd\u00f3w elektrycznych | Solarity","description":"Wybierz odpowiedni\u0105 domow\u0105 stacj\u0119 \u0142adowania pojazd\u00f3w elektrycznych w oparciu o typ z\u0142\u0105cza, pr\u0119dko\u015b\u0107 \u0142adowania i lokalizacj\u0119 instalacji.","robots":{"index":"index","follow":"follow","max-snippet":"max-snippet:-1","max-image-preview":"max-image-preview:large","max-video-preview":"max-video-preview:-1"},"canonical":"https:\/\/solarity.eu\/pl\/blog\/wkrocz-z-nami-w-przyszlosc-jak-wybrac-domowa-stacje-ladowania-pojazdow-elektrycznych\/","og_locale":"pl_PL","og_type":"article","og_title":"Wkrocz z nami w przysz\u0142o\u015b\u0107: jak wybra\u0107 domow\u0105 stacj\u0119 \u0142adowania pojazd\u00f3w elektrycznych","og_description":"Wybierz odpowiedni\u0105 domow\u0105 stacj\u0119 \u0142adowania pojazd\u00f3w elektrycznych w oparciu o typ z\u0142\u0105cza, pr\u0119dko\u015b\u0107 \u0142adowania i lokalizacj\u0119 instalacji.","og_url":"https:\/\/solarity.eu\/pl\/blog\/wkrocz-z-nami-w-przyszlosc-jak-wybrac-domowa-stacje-ladowania-pojazdow-elektrycznych\/","og_site_name":"Solarity","article_publisher":"https:\/\/www.facebook.com\/solaritycz\/","article_published_time":"2021-03-04T11:05:49+00:00","article_modified_time":"2024-05-13T18:31:14+00:00","og_image":[{"width":851,"height":851,"url":"https:\/\/solarity.eu\/wp-content\/uploads\/2022\/06\/125_EV_Charging_01_Kreslici_platno_1-3.jpg","type":"image\/jpeg"}],"author":"vaclav","twitter_card":"summary_large_image","twitter_misc":{"Napisane przez":"vaclav"},"schema":{"@context":"https:\/\/schema.org","@graph":[{"@type":"Article","@id":"https:\/\/solarity.eu\/pl\/blog\/wkrocz-z-nami-w-przyszlosc-jak-wybrac-domowa-stacje-ladowania-pojazdow-elektrycznych\/#article","isPartOf":{"@id":"https:\/\/solarity.eu\/pl\/blog\/wkrocz-z-nami-w-przyszlosc-jak-wybrac-domowa-stacje-ladowania-pojazdow-elektrycznych\/"},"author":{"name":"vaclav","@id":"https:\/\/solarity.eu\/pl\/#\/schema\/person\/26227507ab7c74436d05b3e3460345bb"},"headline":"Wkrocz z nami w przysz\u0142o\u015b\u0107: jak wybra\u0107 domow\u0105 stacj\u0119 \u0142adowania pojazd\u00f3w elektrycznych","datePublished":"2021-03-04T11:05:49+00:00","dateModified":"2024-05-13T18:31:14+00:00","mainEntityOfPage":{"@id":"https:\/\/solarity.eu\/pl\/blog\/wkrocz-z-nami-w-przyszlosc-jak-wybrac-domowa-stacje-ladowania-pojazdow-elektrycznych\/"},"wordCount":1365,"publisher":{"@id":"https:\/\/solarity.eu\/pl\/#organization"},"image":{"@id":"https:\/\/solarity.eu\/pl\/blog\/wkrocz-z-nami-w-przyszlosc-jak-wybrac-domowa-stacje-ladowania-pojazdow-elektrycznych\/#primaryimage"},"thumbnailUrl":"https:\/\/solarity.eu\/wp-content\/uploads\/2022\/06\/125_EV_Charging_01_Kreslici_platno_1-3.jpg","articleSection":["Aktualno\u015bci z bran\u017cy","Artyku\u0142y techniczne","blog"],"inLanguage":"pl-PL"},{"@type":"WebPage","@id":"https:\/\/solarity.eu\/pl\/blog\/wkrocz-z-nami-w-przyszlosc-jak-wybrac-domowa-stacje-ladowania-pojazdow-elektrycznych\/","url":"https:\/\/solarity.eu\/pl\/blog\/wkrocz-z-nami-w-przyszlosc-jak-wybrac-domowa-stacje-ladowania-pojazdow-elektrycznych\/","name":"Jak wybra\u0107 domow\u0105 stacj\u0119 \u0142adowania pojazd\u00f3w elektrycznych | Solarity","isPartOf":{"@id":"https:\/\/solarity.eu\/pl\/#website"},"primaryImageOfPage":{"@id":"https:\/\/solarity.eu\/pl\/blog\/wkrocz-z-nami-w-przyszlosc-jak-wybrac-domowa-stacje-ladowania-pojazdow-elektrycznych\/#primaryimage"},"image":{"@id":"https:\/\/solarity.eu\/pl\/blog\/wkrocz-z-nami-w-przyszlosc-jak-wybrac-domowa-stacje-ladowania-pojazdow-elektrycznych\/#primaryimage"},"thumbnailUrl":"https:\/\/solarity.eu\/wp-content\/uploads\/2022\/06\/125_EV_Charging_01_Kreslici_platno_1-3.jpg","datePublished":"2021-03-04T11:05:49+00:00","dateModified":"2024-05-13T18:31:14+00:00","description":"Wybierz odpowiedni\u0105 domow\u0105 stacj\u0119 \u0142adowania pojazd\u00f3w elektrycznych w oparciu o typ z\u0142\u0105cza, pr\u0119dko\u015b\u0107 \u0142adowania i lokalizacj\u0119 instalacji.","breadcrumb":{"@id":"https:\/\/solarity.eu\/pl\/blog\/wkrocz-z-nami-w-przyszlosc-jak-wybrac-domowa-stacje-ladowania-pojazdow-elektrycznych\/#breadcrumb"},"inLanguage":"pl-PL","potentialAction":[{"@type":"ReadAction","target":["https:\/\/solarity.eu\/pl\/blog\/wkrocz-z-nami-w-przyszlosc-jak-wybrac-domowa-stacje-ladowania-pojazdow-elektrycznych\/"]}]},{"@type":"ImageObject","inLanguage":"pl-PL","@id":"https:\/\/solarity.eu\/pl\/blog\/wkrocz-z-nami-w-przyszlosc-jak-wybrac-domowa-stacje-ladowania-pojazdow-elektrycznych\/#primaryimage","url":"https:\/\/solarity.eu\/wp-content\/uploads\/2022\/06\/125_EV_Charging_01_Kreslici_platno_1-3.jpg","contentUrl":"https:\/\/solarity.eu\/wp-content\/uploads\/2022\/06\/125_EV_Charging_01_Kreslici_platno_1-3.jpg","width":851,"height":851},{"@type":"BreadcrumbList","@id":"https:\/\/solarity.eu\/pl\/blog\/wkrocz-z-nami-w-przyszlosc-jak-wybrac-domowa-stacje-ladowania-pojazdow-elektrycznych\/#breadcrumb","itemListElement":[{"@type":"ListItem","position":1,"name":"Home","item":"https:\/\/solarity.eu\/pl\/homepage\/"},{"@type":"ListItem","position":2,"name":"Wkrocz z nami w przysz\u0142o\u015b\u0107: jak wybra\u0107 domow\u0105 stacj\u0119 \u0142adowania pojazd\u00f3w elektrycznych"}]},{"@type":"WebSite","@id":"https:\/\/solarity.eu\/pl\/#website","url":"https:\/\/solarity.eu\/pl\/","name":"Solarity","description":"Distributor and wholesaler of photovoltaic systems","publisher":{"@id":"https:\/\/solarity.eu\/pl\/#organization"},"potentialAction":[{"@type":"SearchAction","target":{"@type":"EntryPoint","urlTemplate":"https:\/\/solarity.eu\/pl\/?s={search_term_string}"},"query-input":{"@type":"PropertyValueSpecification","valueRequired":true,"valueName":"search_term_string"}}],"inLanguage":"pl-PL"},{"@type":"Organization","@id":"https:\/\/solarity.eu\/pl\/#organization","name":"Solarity","url":"https:\/\/solarity.eu\/pl\/","logo":{"@type":"ImageObject","inLanguage":"pl-PL","@id":"https:\/\/solarity.eu\/pl\/#\/schema\/logo\/image\/","url":"https:\/\/solarity.eu\/wp-content\/uploads\/2020\/08\/Solarity_Logo_new.jpg","contentUrl":"https:\/\/solarity.eu\/wp-content\/uploads\/2020\/08\/Solarity_Logo_new.jpg","width":364,"height":59,"caption":"Solarity"},"image":{"@id":"https:\/\/solarity.eu\/pl\/#\/schema\/logo\/image\/"},"sameAs":["https:\/\/www.facebook.com\/solaritycz\/"]},{"@type":"Person","@id":"https:\/\/solarity.eu\/pl\/#\/schema\/person\/26227507ab7c74436d05b3e3460345bb","name":"vaclav","image":{"@type":"ImageObject","inLanguage":"pl-PL","@id":"https:\/\/solarity.eu\/pl\/#\/schema\/person\/image\/","url":"https:\/\/secure.gravatar.com\/avatar\/fd784bc562120f53d98d327be996ebed77e28c70d9efd44a12f71eed9d9e3579?s=96&d=mm&r=g","contentUrl":"https:\/\/secure.gravatar.com\/avatar\/fd784bc562120f53d98d327be996ebed77e28c70d9efd44a12f71eed9d9e3579?s=96&d=mm&r=g","caption":"vaclav"},"url":"https:\/\/solarity.eu\/pl\/blog\/author\/vaclav\/"}]}},"_links":{"self":[{"href":"https:\/\/solarity.eu\/pl\/wp-json\/wp\/v2\/posts\/18582","targetHints":{"allow":["GET"]}}],"collection":[{"href":"https:\/\/solarity.eu\/pl\/wp-json\/wp\/v2\/posts"}],"about":[{"href":"https:\/\/solarity.eu\/pl\/wp-json\/wp\/v2\/types\/post"}],"author":[{"embeddable":true,"href":"https:\/\/solarity.eu\/pl\/wp-json\/wp\/v2\/users\/30"}],"replies":[{"embeddable":true,"href":"https:\/\/solarity.eu\/pl\/wp-json\/wp\/v2\/comments?post=18582"}],"version-history":[{"count":3,"href":"https:\/\/solarity.eu\/pl\/wp-json\/wp\/v2\/posts\/18582\/revisions"}],"predecessor-version":[{"id":157501,"href":"https:\/\/solarity.eu\/pl\/wp-json\/wp\/v2\/posts\/18582\/revisions\/157501"}],"wp:featuredmedia":[{"embeddable":true,"href":"https:\/\/solarity.eu\/pl\/wp-json\/wp\/v2\/media\/57521"}],"wp:attachment":[{"href":"https:\/\/solarity.eu\/pl\/wp-json\/wp\/v2\/media?parent=18582"}],"wp:term":[{"taxonomy":"category","embeddable":true,"href":"https:\/\/solarity.eu\/pl\/wp-json\/wp\/v2\/categories?post=18582"},{"taxonomy":"post_tag","embeddable":true,"href":"https:\/\/solarity.eu\/pl\/wp-json\/wp\/v2\/tags?post=18582"}],"curies":[{"name":"wp","href":"https:\/\/api.w.org\/{rel}","templated":true}]}}