{"id":38528,"date":"2020-08-24T11:03:38","date_gmt":"2020-08-24T11:03:38","guid":{"rendered":"https:\/\/solarity.pl\/?p=18169"},"modified":"2022-06-15T09:54:16","modified_gmt":"2022-06-15T09:54:16","slug":"solarity-korzysta-z-transportu-intermodalnego-na-rzecz-bardziej-ekologicznej-przyszlosci","status":"publish","type":"post","link":"https:\/\/solarity.eu\/pl\/blog\/solarity-korzysta-z-transportu-intermodalnego-na-rzecz-bardziej-ekologicznej-przyszlosci\/","title":{"rendered":"Solarity korzysta z transportu intermodalnego na rzecz bardziej ekologicznej przysz\u0142o\u015bci"},"content":{"rendered":"\t\t<div data-elementor-type=\"wp-post\" data-elementor-id=\"38528\" class=\"elementor elementor-38528\" data-elementor-post-type=\"post\">\n\t\t\t\t\t\t<section class=\"elementor-section elementor-top-section elementor-element elementor-element-5adc34f6 elementor-section-boxed elementor-section-height-default elementor-section-height-default parallax_section_no qode_elementor_container_no\" data-id=\"5adc34f6\" data-element_type=\"section\">\n\t\t\t\t\t\t<div class=\"elementor-container elementor-column-gap-default\">\n\t\t\t\t\t<div class=\"elementor-column elementor-col-100 elementor-top-column elementor-element elementor-element-267695f6\" data-id=\"267695f6\" data-element_type=\"column\">\n\t\t\t<div class=\"elementor-widget-wrap elementor-element-populated\">\n\t\t\t\t\t\t<div class=\"elementor-element elementor-element-5d459eae elementor-widget elementor-widget-theme-post-title elementor-page-title elementor-widget-heading\" data-id=\"5d459eae\" data-element_type=\"widget\" data-widget_type=\"theme-post-title.default\">\n\t\t\t\t<div class=\"elementor-widget-container\">\n\t\t\t\t\t<h1 class=\"elementor-heading-title elementor-size-default\">Solarity korzysta z transportu intermodalnego na rzecz bardziej ekologicznej przysz\u0142o\u015bci<\/h1>\t\t\t\t<\/div>\n\t\t\t\t<\/div>\n\t\t\t\t\t<\/div>\n\t\t<\/div>\n\t\t\t\t\t<\/div>\n\t\t<\/section>\n\t\t\t\t<section class=\"elementor-section elementor-top-section elementor-element elementor-element-26ac9a82 elementor-section-boxed elementor-section-height-default elementor-section-height-default parallax_section_no qode_elementor_container_no\" data-id=\"26ac9a82\" data-element_type=\"section\">\n\t\t\t\t\t\t<div class=\"elementor-container elementor-column-gap-default\">\n\t\t\t\t\t<div class=\"elementor-column elementor-col-100 elementor-top-column elementor-element elementor-element-781d719e\" data-id=\"781d719e\" data-element_type=\"column\">\n\t\t\t<div class=\"elementor-widget-wrap elementor-element-populated\">\n\t\t\t\t\t\t<div class=\"elementor-element elementor-element-3a9a8c34 elementor-widget elementor-widget-text-editor\" data-id=\"3a9a8c34\" data-element_type=\"widget\" data-widget_type=\"text-editor.default\">\n\t\t\t\t<div class=\"elementor-widget-container\">\n\t\t\t\t\t\t\t\t\t<p>Firmy zaanga\u017cowane w sektor energii s\u0142onecznej czasami napotykaj\u0105 pytania dotycz\u0105ce \u015bladu w\u0119glowego zwi\u0105zanego z produkcj\u0105 i transportem komponent\u00f3w. Jako firma dystrybucyjna nie mamy do czynienia z samym procesem produkcji, mo\u017cemy jednak wprowadza\u0107 zmiany w sferze, za kt\u00f3r\u0105 jeste\u015bmy odpowiedzialni, tj. w <strong>metodach dostawy<\/strong> i <strong>wysy\u0142ki <\/strong>do naszych magazyn\u00f3w oraz naszych klient\u00f3w.<\/p><p>\u00a0<\/p><p>Pod koniec 2019 roku zdecydowali\u015bmy si\u0119 <strong>dzia\u0142a\u0107 na rzecz ograniczenia emisji CO2<\/strong> w transporcie poprzez wykorzystanie <strong>transportu kombinowanego<\/strong>. Nasza trasa testowa prowadzi\u0142a z magazynu naszych dostawc\u00f3w w rejonie Rotterdamu do miejsca przechowywania w Hostivice ko\u0142o Pragi.<\/p><p>\u00a0<\/p><p>Nasz projekt musia\u0142 zosta\u0107 wstrzymany z powodu COVID-19, ale teraz, gdy sytuacja si\u0119 ustabilizowa\u0142a, tzn. <strong>od sierpnia<\/strong>, planujemy korzysta\u0107 z transportu intermodalnego dla <strong>wi\u0119kszo\u015bci naszego importu<\/strong>, a nawet <strong>niekt\u00f3rych dostaw do naszych klient\u00f3w<\/strong>.<\/p>\t\t\t\t\t\t\t\t<\/div>\n\t\t\t\t<\/div>\n\t\t\t\t<div class=\"elementor-element elementor-element-497f1fe6 elementor-widget elementor-widget-read-more\" data-id=\"497f1fe6\" data-element_type=\"widget\" data-widget_type=\"read-more.default\">\n\t\t\t\t<div class=\"elementor-widget-container\">\n\t\t\t\t\t<\/div><\/div><\/div><\/div><\/div><\/section><\/div> <a href=\"https:\/\/solarity.eu\/pl\/blog\/solarity-korzysta-z-transportu-intermodalnego-na-rzecz-bardziej-ekologicznej-przyszlosci\/#more-38528\" class=\"more-link elementor-more-link\"><span aria-label=\"Czytaj dalej Solarity korzysta z transportu intermodalnego na rzecz bardziej ekologicznej przysz\u0142o\u015bci\">Continue reading<\/span><\/a>","protected":false},"excerpt":{"rendered":"<p>Firmy zaanga\u017cowane w sektor energii s\u0142onecznej czasami napotykaj\u0105 pytania dotycz\u0105ce \u015bladu w\u0119glowego zwi\u0105zanego z produkcj\u0105 i transportem komponent\u00f3w. Jako firma dystrybucyjna nie mamy do czynienia z samym procesem produkcji, mo\u017cemy jednak wprowadza\u0107 zmiany w sferze, za kt\u00f3r\u0105 jeste\u015bmy odpowiedzialni, tj. w metodach dostawy i wysy\u0142ki&#8230;<\/p>\n","protected":false},"author":30,"featured_media":71225,"comment_status":"closed","ping_status":"closed","sticky":false,"template":"","format":"standard","meta":{"footnotes":""},"categories":[1649,1651,1652],"tags":[],"class_list":["post-38528","post","type-post","status-publish","format-standard","has-post-thumbnail","hentry","category-blog","category-csr","category-solarity"],"yoast_head":"<!-- This site is optimized with the Yoast SEO Premium plugin v25.6 (Yoast SEO v25.6) - https:\/\/yoast.com\/wordpress\/plugins\/seo\/ -->\n<title>Transport intermodalny modu\u0142\u00f3w fotowoltaicznych dla bardziej ekologicznego jutra | Solarity<\/title>\n<meta name=\"description\" content=\"Firma Solarity zdecydowa\u0142a si\u0119 korzysta\u0107 z transportu intermodalnego w celu aktywnej redukcji emisji CO2. Szacowana redukcja w 2020 roku wynosi od 65 do 70 ton!\" \/>\n<meta name=\"robots\" content=\"index, follow, max-snippet:-1, max-image-preview:large, max-video-preview:-1\" \/>\n<link rel=\"canonical\" href=\"https:\/\/solarity.eu\/pl\/blog\/solarity-korzysta-z-transportu-intermodalnego-na-rzecz-bardziej-ekologicznej-przyszlosci\/\" \/>\n<meta property=\"og:locale\" content=\"pl_PL\" \/>\n<meta property=\"og:type\" content=\"article\" \/>\n<meta property=\"og:title\" content=\"Solarity korzysta z transportu intermodalnego na rzecz bardziej ekologicznej przysz\u0142o\u015bci\" \/>\n<meta property=\"og:description\" content=\"Firma Solarity zdecydowa\u0142a si\u0119 korzysta\u0107 z transportu intermodalnego w celu aktywnej redukcji emisji CO2. Szacowana redukcja w 2020 roku wynosi od 65 do 70 ton!\" \/>\n<meta property=\"og:url\" content=\"https:\/\/solarity.eu\/pl\/blog\/solarity-korzysta-z-transportu-intermodalnego-na-rzecz-bardziej-ekologicznej-przyszlosci\/\" \/>\n<meta property=\"og:site_name\" content=\"Solarity\" \/>\n<meta property=\"article:publisher\" content=\"https:\/\/www.facebook.com\/solaritycz\/\" \/>\n<meta property=\"article:published_time\" content=\"2020-08-24T11:03:38+00:00\" \/>\n<meta property=\"article:modified_time\" content=\"2022-06-15T09:54:16+00:00\" \/>\n<meta property=\"og:image\" content=\"https:\/\/solarity.eu\/wp-content\/uploads\/2020\/08\/intermodalTransportPL-1-1024x536-1.jpg\" \/>\n\t<meta property=\"og:image:width\" content=\"1024\" \/>\n\t<meta property=\"og:image:height\" content=\"536\" \/>\n\t<meta property=\"og:image:type\" content=\"image\/jpeg\" \/>\n<meta name=\"author\" content=\"vaclav\" \/>\n<meta name=\"twitter:card\" content=\"summary_large_image\" \/>\n<meta name=\"twitter:label1\" content=\"Napisane przez\" \/>\n\t<meta name=\"twitter:data1\" content=\"vaclav\" \/>\n\t<meta name=\"twitter:label2\" content=\"Szacowany czas czytania\" \/>\n\t<meta name=\"twitter:data2\" content=\"4 minuty\" \/>\n<script type=\"application\/ld+json\" class=\"yoast-schema-graph\">{\"@context\":\"https:\/\/schema.org\",\"@graph\":[{\"@type\":\"Article\",\"@id\":\"https:\/\/solarity.eu\/pl\/blog\/solarity-korzysta-z-transportu-intermodalnego-na-rzecz-bardziej-ekologicznej-przyszlosci\/#article\",\"isPartOf\":{\"@id\":\"https:\/\/solarity.eu\/pl\/blog\/solarity-korzysta-z-transportu-intermodalnego-na-rzecz-bardziej-ekologicznej-przyszlosci\/\"},\"author\":{\"name\":\"vaclav\",\"@id\":\"https:\/\/solarity.eu\/pl\/#\/schema\/person\/26227507ab7c74436d05b3e3460345bb\"},\"headline\":\"Solarity korzysta z transportu intermodalnego na rzecz bardziej ekologicznej przysz\u0142o\u015bci\",\"datePublished\":\"2020-08-24T11:03:38+00:00\",\"dateModified\":\"2022-06-15T09:54:16+00:00\",\"mainEntityOfPage\":{\"@id\":\"https:\/\/solarity.eu\/pl\/blog\/solarity-korzysta-z-transportu-intermodalnego-na-rzecz-bardziej-ekologicznej-przyszlosci\/\"},\"wordCount\":404,\"publisher\":{\"@id\":\"https:\/\/solarity.eu\/pl\/#organization\"},\"image\":{\"@id\":\"https:\/\/solarity.eu\/pl\/blog\/solarity-korzysta-z-transportu-intermodalnego-na-rzecz-bardziej-ekologicznej-przyszlosci\/#primaryimage\"},\"thumbnailUrl\":\"https:\/\/solarity.eu\/wp-content\/uploads\/2020\/08\/intermodalTransportPL-1-1024x536-1.jpg\",\"articleSection\":[\"blog\",\"Spo\u0142eczna odpowiedzialno\u015b\u0107 biznesu\",\"Wiadomo\u015bci o Solarity\"],\"inLanguage\":\"pl-PL\"},{\"@type\":\"WebPage\",\"@id\":\"https:\/\/solarity.eu\/pl\/blog\/solarity-korzysta-z-transportu-intermodalnego-na-rzecz-bardziej-ekologicznej-przyszlosci\/\",\"url\":\"https:\/\/solarity.eu\/pl\/blog\/solarity-korzysta-z-transportu-intermodalnego-na-rzecz-bardziej-ekologicznej-przyszlosci\/\",\"name\":\"Transport intermodalny modu\u0142\u00f3w fotowoltaicznych dla bardziej ekologicznego jutra | Solarity\",\"isPartOf\":{\"@id\":\"https:\/\/solarity.eu\/pl\/#website\"},\"primaryImageOfPage\":{\"@id\":\"https:\/\/solarity.eu\/pl\/blog\/solarity-korzysta-z-transportu-intermodalnego-na-rzecz-bardziej-ekologicznej-przyszlosci\/#primaryimage\"},\"image\":{\"@id\":\"https:\/\/solarity.eu\/pl\/blog\/solarity-korzysta-z-transportu-intermodalnego-na-rzecz-bardziej-ekologicznej-przyszlosci\/#primaryimage\"},\"thumbnailUrl\":\"https:\/\/solarity.eu\/wp-content\/uploads\/2020\/08\/intermodalTransportPL-1-1024x536-1.jpg\",\"datePublished\":\"2020-08-24T11:03:38+00:00\",\"dateModified\":\"2022-06-15T09:54:16+00:00\",\"description\":\"Firma Solarity zdecydowa\u0142a si\u0119 korzysta\u0107 z transportu intermodalnego w celu aktywnej redukcji emisji CO2. Szacowana redukcja w 2020 roku wynosi od 65 do 70 ton!\",\"breadcrumb\":{\"@id\":\"https:\/\/solarity.eu\/pl\/blog\/solarity-korzysta-z-transportu-intermodalnego-na-rzecz-bardziej-ekologicznej-przyszlosci\/#breadcrumb\"},\"inLanguage\":\"pl-PL\",\"potentialAction\":[{\"@type\":\"ReadAction\",\"target\":[\"https:\/\/solarity.eu\/pl\/blog\/solarity-korzysta-z-transportu-intermodalnego-na-rzecz-bardziej-ekologicznej-przyszlosci\/\"]}]},{\"@type\":\"ImageObject\",\"inLanguage\":\"pl-PL\",\"@id\":\"https:\/\/solarity.eu\/pl\/blog\/solarity-korzysta-z-transportu-intermodalnego-na-rzecz-bardziej-ekologicznej-przyszlosci\/#primaryimage\",\"url\":\"https:\/\/solarity.eu\/wp-content\/uploads\/2020\/08\/intermodalTransportPL-1-1024x536-1.jpg\",\"contentUrl\":\"https:\/\/solarity.eu\/wp-content\/uploads\/2020\/08\/intermodalTransportPL-1-1024x536-1.jpg\",\"width\":1024,\"height\":536},{\"@type\":\"BreadcrumbList\",\"@id\":\"https:\/\/solarity.eu\/pl\/blog\/solarity-korzysta-z-transportu-intermodalnego-na-rzecz-bardziej-ekologicznej-przyszlosci\/#breadcrumb\",\"itemListElement\":[{\"@type\":\"ListItem\",\"position\":1,\"name\":\"Home\",\"item\":\"https:\/\/solarity.eu\/pl\/homepage\/\"},{\"@type\":\"ListItem\",\"position\":2,\"name\":\"Solarity korzysta z transportu intermodalnego na rzecz bardziej ekologicznej przysz\u0142o\u015bci\"}]},{\"@type\":\"WebSite\",\"@id\":\"https:\/\/solarity.eu\/pl\/#website\",\"url\":\"https:\/\/solarity.eu\/pl\/\",\"name\":\"Solarity\",\"description\":\"Distributor and wholesaler of photovoltaic systems\",\"publisher\":{\"@id\":\"https:\/\/solarity.eu\/pl\/#organization\"},\"potentialAction\":[{\"@type\":\"SearchAction\",\"target\":{\"@type\":\"EntryPoint\",\"urlTemplate\":\"https:\/\/solarity.eu\/pl\/?s={search_term_string}\"},\"query-input\":{\"@type\":\"PropertyValueSpecification\",\"valueRequired\":true,\"valueName\":\"search_term_string\"}}],\"inLanguage\":\"pl-PL\"},{\"@type\":\"Organization\",\"@id\":\"https:\/\/solarity.eu\/pl\/#organization\",\"name\":\"Solarity\",\"url\":\"https:\/\/solarity.eu\/pl\/\",\"logo\":{\"@type\":\"ImageObject\",\"inLanguage\":\"pl-PL\",\"@id\":\"https:\/\/solarity.eu\/pl\/#\/schema\/logo\/image\/\",\"url\":\"https:\/\/solarity.eu\/wp-content\/uploads\/2020\/08\/Solarity_Logo_new.jpg\",\"contentUrl\":\"https:\/\/solarity.eu\/wp-content\/uploads\/2020\/08\/Solarity_Logo_new.jpg\",\"width\":364,\"height\":59,\"caption\":\"Solarity\"},\"image\":{\"@id\":\"https:\/\/solarity.eu\/pl\/#\/schema\/logo\/image\/\"},\"sameAs\":[\"https:\/\/www.facebook.com\/solaritycz\/\"]},{\"@type\":\"Person\",\"@id\":\"https:\/\/solarity.eu\/pl\/#\/schema\/person\/26227507ab7c74436d05b3e3460345bb\",\"name\":\"vaclav\",\"image\":{\"@type\":\"ImageObject\",\"inLanguage\":\"pl-PL\",\"@id\":\"https:\/\/solarity.eu\/pl\/#\/schema\/person\/image\/\",\"url\":\"https:\/\/secure.gravatar.com\/avatar\/fd784bc562120f53d98d327be996ebed77e28c70d9efd44a12f71eed9d9e3579?s=96&d=mm&r=g\",\"contentUrl\":\"https:\/\/secure.gravatar.com\/avatar\/fd784bc562120f53d98d327be996ebed77e28c70d9efd44a12f71eed9d9e3579?s=96&d=mm&r=g\",\"caption\":\"vaclav\"},\"url\":\"https:\/\/solarity.eu\/pl\/blog\/author\/vaclav\/\"}]}<\/script>\n<!-- \/ Yoast SEO Premium plugin. -->","yoast_head_json":{"title":"Transport intermodalny modu\u0142\u00f3w fotowoltaicznych dla bardziej ekologicznego jutra | Solarity","description":"Firma Solarity zdecydowa\u0142a si\u0119 korzysta\u0107 z transportu intermodalnego w celu aktywnej redukcji emisji CO2. Szacowana redukcja w 2020 roku wynosi od 65 do 70 ton!","robots":{"index":"index","follow":"follow","max-snippet":"max-snippet:-1","max-image-preview":"max-image-preview:large","max-video-preview":"max-video-preview:-1"},"canonical":"https:\/\/solarity.eu\/pl\/blog\/solarity-korzysta-z-transportu-intermodalnego-na-rzecz-bardziej-ekologicznej-przyszlosci\/","og_locale":"pl_PL","og_type":"article","og_title":"Solarity korzysta z transportu intermodalnego na rzecz bardziej ekologicznej przysz\u0142o\u015bci","og_description":"Firma Solarity zdecydowa\u0142a si\u0119 korzysta\u0107 z transportu intermodalnego w celu aktywnej redukcji emisji CO2. Szacowana redukcja w 2020 roku wynosi od 65 do 70 ton!","og_url":"https:\/\/solarity.eu\/pl\/blog\/solarity-korzysta-z-transportu-intermodalnego-na-rzecz-bardziej-ekologicznej-przyszlosci\/","og_site_name":"Solarity","article_publisher":"https:\/\/www.facebook.com\/solaritycz\/","article_published_time":"2020-08-24T11:03:38+00:00","article_modified_time":"2022-06-15T09:54:16+00:00","og_image":[{"width":1024,"height":536,"url":"https:\/\/solarity.eu\/wp-content\/uploads\/2020\/08\/intermodalTransportPL-1-1024x536-1.jpg","type":"image\/jpeg"}],"author":"vaclav","twitter_card":"summary_large_image","twitter_misc":{"Napisane przez":"vaclav","Szacowany czas czytania":"4 minuty"},"schema":{"@context":"https:\/\/schema.org","@graph":[{"@type":"Article","@id":"https:\/\/solarity.eu\/pl\/blog\/solarity-korzysta-z-transportu-intermodalnego-na-rzecz-bardziej-ekologicznej-przyszlosci\/#article","isPartOf":{"@id":"https:\/\/solarity.eu\/pl\/blog\/solarity-korzysta-z-transportu-intermodalnego-na-rzecz-bardziej-ekologicznej-przyszlosci\/"},"author":{"name":"vaclav","@id":"https:\/\/solarity.eu\/pl\/#\/schema\/person\/26227507ab7c74436d05b3e3460345bb"},"headline":"Solarity korzysta z transportu intermodalnego na rzecz bardziej ekologicznej przysz\u0142o\u015bci","datePublished":"2020-08-24T11:03:38+00:00","dateModified":"2022-06-15T09:54:16+00:00","mainEntityOfPage":{"@id":"https:\/\/solarity.eu\/pl\/blog\/solarity-korzysta-z-transportu-intermodalnego-na-rzecz-bardziej-ekologicznej-przyszlosci\/"},"wordCount":404,"publisher":{"@id":"https:\/\/solarity.eu\/pl\/#organization"},"image":{"@id":"https:\/\/solarity.eu\/pl\/blog\/solarity-korzysta-z-transportu-intermodalnego-na-rzecz-bardziej-ekologicznej-przyszlosci\/#primaryimage"},"thumbnailUrl":"https:\/\/solarity.eu\/wp-content\/uploads\/2020\/08\/intermodalTransportPL-1-1024x536-1.jpg","articleSection":["blog","Spo\u0142eczna odpowiedzialno\u015b\u0107 biznesu","Wiadomo\u015bci o Solarity"],"inLanguage":"pl-PL"},{"@type":"WebPage","@id":"https:\/\/solarity.eu\/pl\/blog\/solarity-korzysta-z-transportu-intermodalnego-na-rzecz-bardziej-ekologicznej-przyszlosci\/","url":"https:\/\/solarity.eu\/pl\/blog\/solarity-korzysta-z-transportu-intermodalnego-na-rzecz-bardziej-ekologicznej-przyszlosci\/","name":"Transport intermodalny modu\u0142\u00f3w fotowoltaicznych dla bardziej ekologicznego jutra | Solarity","isPartOf":{"@id":"https:\/\/solarity.eu\/pl\/#website"},"primaryImageOfPage":{"@id":"https:\/\/solarity.eu\/pl\/blog\/solarity-korzysta-z-transportu-intermodalnego-na-rzecz-bardziej-ekologicznej-przyszlosci\/#primaryimage"},"image":{"@id":"https:\/\/solarity.eu\/pl\/blog\/solarity-korzysta-z-transportu-intermodalnego-na-rzecz-bardziej-ekologicznej-przyszlosci\/#primaryimage"},"thumbnailUrl":"https:\/\/solarity.eu\/wp-content\/uploads\/2020\/08\/intermodalTransportPL-1-1024x536-1.jpg","datePublished":"2020-08-24T11:03:38+00:00","dateModified":"2022-06-15T09:54:16+00:00","description":"Firma Solarity zdecydowa\u0142a si\u0119 korzysta\u0107 z transportu intermodalnego w celu aktywnej redukcji emisji CO2. Szacowana redukcja w 2020 roku wynosi od 65 do 70 ton!","breadcrumb":{"@id":"https:\/\/solarity.eu\/pl\/blog\/solarity-korzysta-z-transportu-intermodalnego-na-rzecz-bardziej-ekologicznej-przyszlosci\/#breadcrumb"},"inLanguage":"pl-PL","potentialAction":[{"@type":"ReadAction","target":["https:\/\/solarity.eu\/pl\/blog\/solarity-korzysta-z-transportu-intermodalnego-na-rzecz-bardziej-ekologicznej-przyszlosci\/"]}]},{"@type":"ImageObject","inLanguage":"pl-PL","@id":"https:\/\/solarity.eu\/pl\/blog\/solarity-korzysta-z-transportu-intermodalnego-na-rzecz-bardziej-ekologicznej-przyszlosci\/#primaryimage","url":"https:\/\/solarity.eu\/wp-content\/uploads\/2020\/08\/intermodalTransportPL-1-1024x536-1.jpg","contentUrl":"https:\/\/solarity.eu\/wp-content\/uploads\/2020\/08\/intermodalTransportPL-1-1024x536-1.jpg","width":1024,"height":536},{"@type":"BreadcrumbList","@id":"https:\/\/solarity.eu\/pl\/blog\/solarity-korzysta-z-transportu-intermodalnego-na-rzecz-bardziej-ekologicznej-przyszlosci\/#breadcrumb","itemListElement":[{"@type":"ListItem","position":1,"name":"Home","item":"https:\/\/solarity.eu\/pl\/homepage\/"},{"@type":"ListItem","position":2,"name":"Solarity korzysta z transportu intermodalnego na rzecz bardziej ekologicznej przysz\u0142o\u015bci"}]},{"@type":"WebSite","@id":"https:\/\/solarity.eu\/pl\/#website","url":"https:\/\/solarity.eu\/pl\/","name":"Solarity","description":"Distributor and wholesaler of photovoltaic systems","publisher":{"@id":"https:\/\/solarity.eu\/pl\/#organization"},"potentialAction":[{"@type":"SearchAction","target":{"@type":"EntryPoint","urlTemplate":"https:\/\/solarity.eu\/pl\/?s={search_term_string}"},"query-input":{"@type":"PropertyValueSpecification","valueRequired":true,"valueName":"search_term_string"}}],"inLanguage":"pl-PL"},{"@type":"Organization","@id":"https:\/\/solarity.eu\/pl\/#organization","name":"Solarity","url":"https:\/\/solarity.eu\/pl\/","logo":{"@type":"ImageObject","inLanguage":"pl-PL","@id":"https:\/\/solarity.eu\/pl\/#\/schema\/logo\/image\/","url":"https:\/\/solarity.eu\/wp-content\/uploads\/2020\/08\/Solarity_Logo_new.jpg","contentUrl":"https:\/\/solarity.eu\/wp-content\/uploads\/2020\/08\/Solarity_Logo_new.jpg","width":364,"height":59,"caption":"Solarity"},"image":{"@id":"https:\/\/solarity.eu\/pl\/#\/schema\/logo\/image\/"},"sameAs":["https:\/\/www.facebook.com\/solaritycz\/"]},{"@type":"Person","@id":"https:\/\/solarity.eu\/pl\/#\/schema\/person\/26227507ab7c74436d05b3e3460345bb","name":"vaclav","image":{"@type":"ImageObject","inLanguage":"pl-PL","@id":"https:\/\/solarity.eu\/pl\/#\/schema\/person\/image\/","url":"https:\/\/secure.gravatar.com\/avatar\/fd784bc562120f53d98d327be996ebed77e28c70d9efd44a12f71eed9d9e3579?s=96&d=mm&r=g","contentUrl":"https:\/\/secure.gravatar.com\/avatar\/fd784bc562120f53d98d327be996ebed77e28c70d9efd44a12f71eed9d9e3579?s=96&d=mm&r=g","caption":"vaclav"},"url":"https:\/\/solarity.eu\/pl\/blog\/author\/vaclav\/"}]}},"_links":{"self":[{"href":"https:\/\/solarity.eu\/pl\/wp-json\/wp\/v2\/posts\/38528","targetHints":{"allow":["GET"]}}],"collection":[{"href":"https:\/\/solarity.eu\/pl\/wp-json\/wp\/v2\/posts"}],"about":[{"href":"https:\/\/solarity.eu\/pl\/wp-json\/wp\/v2\/types\/post"}],"author":[{"embeddable":true,"href":"https:\/\/solarity.eu\/pl\/wp-json\/wp\/v2\/users\/30"}],"replies":[{"embeddable":true,"href":"https:\/\/solarity.eu\/pl\/wp-json\/wp\/v2\/comments?post=38528"}],"version-history":[{"count":0,"href":"https:\/\/solarity.eu\/pl\/wp-json\/wp\/v2\/posts\/38528\/revisions"}],"wp:featuredmedia":[{"embeddable":true,"href":"https:\/\/solarity.eu\/pl\/wp-json\/wp\/v2\/media\/71225"}],"wp:attachment":[{"href":"https:\/\/solarity.eu\/pl\/wp-json\/wp\/v2\/media?parent=38528"}],"wp:term":[{"taxonomy":"category","embeddable":true,"href":"https:\/\/solarity.eu\/pl\/wp-json\/wp\/v2\/categories?post=38528"},{"taxonomy":"post_tag","embeddable":true,"href":"https:\/\/solarity.eu\/pl\/wp-json\/wp\/v2\/tags?post=38528"}],"curies":[{"name":"wp","href":"https:\/\/api.w.org\/{rel}","templated":true}]}}