{"id":38530,"date":"2020-09-11T09:56:11","date_gmt":"2020-09-11T09:56:11","guid":{"rendered":"https:\/\/solarity.pl\/?p=18218"},"modified":"2022-06-09T08:48:47","modified_gmt":"2022-06-09T08:48:47","slug":"jak-wyglada-sytuacja-w-zakresie-recyklingu-paneli-slonecznych-na-bazie-krzemu","status":"publish","type":"post","link":"https:\/\/solarity.eu\/pl\/blog\/jak-wyglada-sytuacja-w-zakresie-recyklingu-paneli-slonecznych-na-bazie-krzemu\/","title":{"rendered":"Jak wygl\u0105da sytuacja w zakresie recyklingu paneli s\u0142onecznych na bazie krzemu?"},"content":{"rendered":"\t\t<div data-elementor-type=\"wp-post\" data-elementor-id=\"38530\" class=\"elementor elementor-38530 elementor-21817\" data-elementor-post-type=\"post\">\n\t\t\t\t\t\t<section class=\"elementor-section elementor-top-section elementor-element elementor-element-20609a7e elementor-section-boxed elementor-section-height-default elementor-section-height-default parallax_section_no qode_elementor_container_no\" data-id=\"20609a7e\" data-element_type=\"section\">\n\t\t\t\t\t\t<div class=\"elementor-container elementor-column-gap-default\">\n\t\t\t\t\t<div class=\"elementor-column elementor-col-100 elementor-top-column elementor-element elementor-element-4a651681\" data-id=\"4a651681\" data-element_type=\"column\">\n\t\t\t<div class=\"elementor-widget-wrap elementor-element-populated\">\n\t\t\t\t\t\t<div class=\"elementor-element elementor-element-9d8f873 elementor-widget elementor-widget-theme-post-title elementor-page-title elementor-widget-heading\" data-id=\"9d8f873\" data-element_type=\"widget\" data-widget_type=\"theme-post-title.default\">\n\t\t\t\t<div class=\"elementor-widget-container\">\n\t\t\t\t\t<h1 class=\"elementor-heading-title elementor-size-default\">Jak wygl\u0105da sytuacja w zakresie recyklingu paneli s\u0142onecznych na bazie krzemu?<\/h1>\t\t\t\t<\/div>\n\t\t\t\t<\/div>\n\t\t\t\t\t<\/div>\n\t\t<\/div>\n\t\t\t\t\t<\/div>\n\t\t<\/section>\n\t\t\t\t<section class=\"elementor-section elementor-top-section elementor-element elementor-element-64eceb72 elementor-section-boxed elementor-section-height-default elementor-section-height-default parallax_section_no qode_elementor_container_no\" data-id=\"64eceb72\" data-element_type=\"section\">\n\t\t\t\t\t\t<div class=\"elementor-container elementor-column-gap-default\">\n\t\t\t\t\t<div class=\"elementor-column elementor-col-100 elementor-top-column elementor-element elementor-element-305e4991\" data-id=\"305e4991\" data-element_type=\"column\">\n\t\t\t<div class=\"elementor-widget-wrap elementor-element-populated\">\n\t\t\t\t\t\t<div class=\"elementor-element elementor-element-70ede33c elementor-widget elementor-widget-text-editor\" data-id=\"70ede33c\" data-element_type=\"widget\" data-widget_type=\"text-editor.default\">\n\t\t\t\t<div class=\"elementor-widget-container\">\n\t\t\t\t\t\t\t\t\t<p>Mi\u0119dzynarodowa Agencja Energii Odnawialnej przewiduje, \u017ce do 2050 r. \u015bwiat b\u0119dzie musia\u0142 stawi\u0107 czo\u0142a nawet <strong>78 milionom ton metrycznych<\/strong> odpad\u00f3w pochodz\u0105cych z paneli s\u0142onecznych. Obecnie 90% wszystkich zainstalowanych modu\u0142\u00f3w s\u0142onecznych stanowi modu\u0142y na bazie krzemu. Jednak recykling modu\u0142\u00f3w na skal\u0119 komercyjn\u0105 nie jest jeszcze w pe\u0142ni rozwini\u0119ty. Rzeczywi\u015bcie, organizacje z bran\u017cy PV zajmuj\u0105ce si\u0119 odpadami, takie jak <a href=\"http:\/\/www.pvcycle.org\/\" target=\"_blank\" rel=\"noopener\">PV CYCLE<\/a> w UE lub <a href=\"https:\/\/www.seia.org\/\" target=\"_blank\" rel=\"noopener\">Solar Energy Industries Association<\/a> w USA, nadal maj\u0105 ograniczone mo\u017cliwo\u015bci i technologie.<\/p>\t\t\t\t\t\t\t\t<\/div>\n\t\t\t\t<\/div>\n\t\t\t\t<div class=\"elementor-element elementor-element-221e0814 elementor-widget elementor-widget-read-more\" data-id=\"221e0814\" data-element_type=\"widget\" data-widget_type=\"read-more.default\">\n\t\t\t\t<div class=\"elementor-widget-container\">\n\t\t\t\t\t<\/div><\/div><\/div><\/div><\/div><\/section><\/div> <a href=\"https:\/\/solarity.eu\/pl\/blog\/jak-wyglada-sytuacja-w-zakresie-recyklingu-paneli-slonecznych-na-bazie-krzemu\/#more-38530\" class=\"more-link elementor-more-link\"><span aria-label=\"Czytaj dalej Jak wygl\u0105da sytuacja w zakresie recyklingu paneli s\u0142onecznych na bazie krzemu?\">Continue reading<\/span><\/a>","protected":false},"excerpt":{"rendered":"<p>Mi\u0119dzynarodowa Agencja Energii Odnawialnej przewiduje, \u017ce do 2050 r. \u015bwiat b\u0119dzie musia\u0142 stawi\u0107 czo\u0142a nawet 78 milionom ton metrycznych odpad\u00f3w pochodz\u0105cych z paneli s\u0142onecznych. Obecnie 90% wszystkich zainstalowanych modu\u0142\u00f3w s\u0142onecznych stanowi modu\u0142y na bazie krzemu. Jednak recykling modu\u0142\u00f3w na skal\u0119 komercyjn\u0105 nie jest jeszcze w&#8230;<\/p>\n","protected":false},"author":30,"featured_media":31712,"comment_status":"closed","ping_status":"closed","sticky":false,"template":"","format":"standard","meta":{"footnotes":""},"categories":[1648,1649,1844],"tags":[],"class_list":["post-38530","post","type-post","status-publish","format-standard","has-post-thumbnail","hentry","category-technical","category-blog","category-news_-pl"],"yoast_head":"<!-- This site is optimized with the Yoast SEO Premium plugin v25.6 (Yoast SEO v25.6) - https:\/\/yoast.com\/wordpress\/plugins\/seo\/ -->\n<title>Sytuacja w zakresie recyklingu paneli s\u0142onecznych na bazie krzemu | Solarity<\/title>\n<meta name=\"description\" content=\"90% zainstalowanych modu\u0142\u00f3w s\u0142onecznych stanowi\u0105 panele na bazie krzemu. Co dzieje si\u0119, gdy zako\u0144czy si\u0119 ich cykl \u017cyciowy?\" \/>\n<meta name=\"robots\" content=\"index, follow, max-snippet:-1, max-image-preview:large, max-video-preview:-1\" \/>\n<link rel=\"canonical\" href=\"https:\/\/solarity.eu\/pl\/blog\/jak-wyglada-sytuacja-w-zakresie-recyklingu-paneli-slonecznych-na-bazie-krzemu\/\" \/>\n<meta property=\"og:locale\" content=\"pl_PL\" \/>\n<meta property=\"og:type\" content=\"article\" \/>\n<meta property=\"og:title\" content=\"Jak wygl\u0105da sytuacja w zakresie recyklingu paneli s\u0142onecznych na bazie krzemu?\" \/>\n<meta property=\"og:description\" content=\"90% zainstalowanych modu\u0142\u00f3w s\u0142onecznych stanowi\u0105 panele na bazie krzemu. Co dzieje si\u0119, gdy zako\u0144czy si\u0119 ich cykl \u017cyciowy?\" \/>\n<meta property=\"og:url\" content=\"https:\/\/solarity.eu\/pl\/blog\/jak-wyglada-sytuacja-w-zakresie-recyklingu-paneli-slonecznych-na-bazie-krzemu\/\" \/>\n<meta property=\"og:site_name\" content=\"Solarity\" \/>\n<meta property=\"article:publisher\" content=\"https:\/\/www.facebook.com\/solaritycz\/\" \/>\n<meta property=\"article:published_time\" content=\"2020-09-11T09:56:11+00:00\" \/>\n<meta property=\"article:modified_time\" content=\"2022-06-09T08:48:47+00:00\" \/>\n<meta property=\"og:image\" content=\"https:\/\/solarity.eu\/wp-content\/uploads\/2020\/09\/second-life-photo_1-1.jpg\" \/>\n\t<meta property=\"og:image:width\" content=\"770\" \/>\n\t<meta property=\"og:image:height\" content=\"500\" \/>\n\t<meta property=\"og:image:type\" content=\"image\/jpeg\" \/>\n<meta name=\"author\" content=\"vaclav\" \/>\n<meta name=\"twitter:card\" content=\"summary_large_image\" \/>\n<meta name=\"twitter:label1\" content=\"Napisane przez\" \/>\n\t<meta name=\"twitter:data1\" content=\"vaclav\" \/>\n\t<meta name=\"twitter:label2\" content=\"Szacowany czas czytania\" \/>\n\t<meta name=\"twitter:data2\" content=\"5 minut\" \/>\n<script type=\"application\/ld+json\" class=\"yoast-schema-graph\">{\"@context\":\"https:\/\/schema.org\",\"@graph\":[{\"@type\":\"Article\",\"@id\":\"https:\/\/solarity.eu\/pl\/blog\/jak-wyglada-sytuacja-w-zakresie-recyklingu-paneli-slonecznych-na-bazie-krzemu\/#article\",\"isPartOf\":{\"@id\":\"https:\/\/solarity.eu\/pl\/blog\/jak-wyglada-sytuacja-w-zakresie-recyklingu-paneli-slonecznych-na-bazie-krzemu\/\"},\"author\":{\"name\":\"vaclav\",\"@id\":\"https:\/\/solarity.eu\/pl\/#\/schema\/person\/26227507ab7c74436d05b3e3460345bb\"},\"headline\":\"Jak wygl\u0105da sytuacja w zakresie recyklingu paneli s\u0142onecznych na bazie krzemu?\",\"datePublished\":\"2020-09-11T09:56:11+00:00\",\"dateModified\":\"2022-06-09T08:48:47+00:00\",\"mainEntityOfPage\":{\"@id\":\"https:\/\/solarity.eu\/pl\/blog\/jak-wyglada-sytuacja-w-zakresie-recyklingu-paneli-slonecznych-na-bazie-krzemu\/\"},\"wordCount\":730,\"publisher\":{\"@id\":\"https:\/\/solarity.eu\/pl\/#organization\"},\"image\":{\"@id\":\"https:\/\/solarity.eu\/pl\/blog\/jak-wyglada-sytuacja-w-zakresie-recyklingu-paneli-slonecznych-na-bazie-krzemu\/#primaryimage\"},\"thumbnailUrl\":\"https:\/\/solarity.eu\/wp-content\/uploads\/2020\/09\/second-life-photo_1-1.jpg\",\"articleSection\":[\"Artyku\u0142y techniczne\",\"blog\",\"News_\"],\"inLanguage\":\"pl-PL\"},{\"@type\":\"WebPage\",\"@id\":\"https:\/\/solarity.eu\/pl\/blog\/jak-wyglada-sytuacja-w-zakresie-recyklingu-paneli-slonecznych-na-bazie-krzemu\/\",\"url\":\"https:\/\/solarity.eu\/pl\/blog\/jak-wyglada-sytuacja-w-zakresie-recyklingu-paneli-slonecznych-na-bazie-krzemu\/\",\"name\":\"Sytuacja w zakresie recyklingu paneli s\u0142onecznych na bazie krzemu | Solarity\",\"isPartOf\":{\"@id\":\"https:\/\/solarity.eu\/pl\/#website\"},\"primaryImageOfPage\":{\"@id\":\"https:\/\/solarity.eu\/pl\/blog\/jak-wyglada-sytuacja-w-zakresie-recyklingu-paneli-slonecznych-na-bazie-krzemu\/#primaryimage\"},\"image\":{\"@id\":\"https:\/\/solarity.eu\/pl\/blog\/jak-wyglada-sytuacja-w-zakresie-recyklingu-paneli-slonecznych-na-bazie-krzemu\/#primaryimage\"},\"thumbnailUrl\":\"https:\/\/solarity.eu\/wp-content\/uploads\/2020\/09\/second-life-photo_1-1.jpg\",\"datePublished\":\"2020-09-11T09:56:11+00:00\",\"dateModified\":\"2022-06-09T08:48:47+00:00\",\"description\":\"90% zainstalowanych modu\u0142\u00f3w s\u0142onecznych stanowi\u0105 panele na bazie krzemu. Co dzieje si\u0119, gdy zako\u0144czy si\u0119 ich cykl \u017cyciowy?\",\"breadcrumb\":{\"@id\":\"https:\/\/solarity.eu\/pl\/blog\/jak-wyglada-sytuacja-w-zakresie-recyklingu-paneli-slonecznych-na-bazie-krzemu\/#breadcrumb\"},\"inLanguage\":\"pl-PL\",\"potentialAction\":[{\"@type\":\"ReadAction\",\"target\":[\"https:\/\/solarity.eu\/pl\/blog\/jak-wyglada-sytuacja-w-zakresie-recyklingu-paneli-slonecznych-na-bazie-krzemu\/\"]}]},{\"@type\":\"ImageObject\",\"inLanguage\":\"pl-PL\",\"@id\":\"https:\/\/solarity.eu\/pl\/blog\/jak-wyglada-sytuacja-w-zakresie-recyklingu-paneli-slonecznych-na-bazie-krzemu\/#primaryimage\",\"url\":\"https:\/\/solarity.eu\/wp-content\/uploads\/2020\/09\/second-life-photo_1-1.jpg\",\"contentUrl\":\"https:\/\/solarity.eu\/wp-content\/uploads\/2020\/09\/second-life-photo_1-1.jpg\",\"width\":770,\"height\":500},{\"@type\":\"BreadcrumbList\",\"@id\":\"https:\/\/solarity.eu\/pl\/blog\/jak-wyglada-sytuacja-w-zakresie-recyklingu-paneli-slonecznych-na-bazie-krzemu\/#breadcrumb\",\"itemListElement\":[{\"@type\":\"ListItem\",\"position\":1,\"name\":\"Home\",\"item\":\"https:\/\/solarity.eu\/pl\/homepage\/\"},{\"@type\":\"ListItem\",\"position\":2,\"name\":\"Jak wygl\u0105da sytuacja w zakresie recyklingu paneli s\u0142onecznych na bazie krzemu?\"}]},{\"@type\":\"WebSite\",\"@id\":\"https:\/\/solarity.eu\/pl\/#website\",\"url\":\"https:\/\/solarity.eu\/pl\/\",\"name\":\"Solarity\",\"description\":\"Distributor and wholesaler of photovoltaic systems\",\"publisher\":{\"@id\":\"https:\/\/solarity.eu\/pl\/#organization\"},\"potentialAction\":[{\"@type\":\"SearchAction\",\"target\":{\"@type\":\"EntryPoint\",\"urlTemplate\":\"https:\/\/solarity.eu\/pl\/?s={search_term_string}\"},\"query-input\":{\"@type\":\"PropertyValueSpecification\",\"valueRequired\":true,\"valueName\":\"search_term_string\"}}],\"inLanguage\":\"pl-PL\"},{\"@type\":\"Organization\",\"@id\":\"https:\/\/solarity.eu\/pl\/#organization\",\"name\":\"Solarity\",\"url\":\"https:\/\/solarity.eu\/pl\/\",\"logo\":{\"@type\":\"ImageObject\",\"inLanguage\":\"pl-PL\",\"@id\":\"https:\/\/solarity.eu\/pl\/#\/schema\/logo\/image\/\",\"url\":\"https:\/\/solarity.eu\/wp-content\/uploads\/2020\/08\/Solarity_Logo_new.jpg\",\"contentUrl\":\"https:\/\/solarity.eu\/wp-content\/uploads\/2020\/08\/Solarity_Logo_new.jpg\",\"width\":364,\"height\":59,\"caption\":\"Solarity\"},\"image\":{\"@id\":\"https:\/\/solarity.eu\/pl\/#\/schema\/logo\/image\/\"},\"sameAs\":[\"https:\/\/www.facebook.com\/solaritycz\/\"]},{\"@type\":\"Person\",\"@id\":\"https:\/\/solarity.eu\/pl\/#\/schema\/person\/26227507ab7c74436d05b3e3460345bb\",\"name\":\"vaclav\",\"image\":{\"@type\":\"ImageObject\",\"inLanguage\":\"pl-PL\",\"@id\":\"https:\/\/solarity.eu\/pl\/#\/schema\/person\/image\/\",\"url\":\"https:\/\/secure.gravatar.com\/avatar\/fd784bc562120f53d98d327be996ebed77e28c70d9efd44a12f71eed9d9e3579?s=96&d=mm&r=g\",\"contentUrl\":\"https:\/\/secure.gravatar.com\/avatar\/fd784bc562120f53d98d327be996ebed77e28c70d9efd44a12f71eed9d9e3579?s=96&d=mm&r=g\",\"caption\":\"vaclav\"},\"url\":\"https:\/\/solarity.eu\/pl\/blog\/author\/vaclav\/\"}]}<\/script>\n<!-- \/ Yoast SEO Premium plugin. -->","yoast_head_json":{"title":"Sytuacja w zakresie recyklingu paneli s\u0142onecznych na bazie krzemu | Solarity","description":"90% zainstalowanych modu\u0142\u00f3w s\u0142onecznych stanowi\u0105 panele na bazie krzemu. Co dzieje si\u0119, gdy zako\u0144czy si\u0119 ich cykl \u017cyciowy?","robots":{"index":"index","follow":"follow","max-snippet":"max-snippet:-1","max-image-preview":"max-image-preview:large","max-video-preview":"max-video-preview:-1"},"canonical":"https:\/\/solarity.eu\/pl\/blog\/jak-wyglada-sytuacja-w-zakresie-recyklingu-paneli-slonecznych-na-bazie-krzemu\/","og_locale":"pl_PL","og_type":"article","og_title":"Jak wygl\u0105da sytuacja w zakresie recyklingu paneli s\u0142onecznych na bazie krzemu?","og_description":"90% zainstalowanych modu\u0142\u00f3w s\u0142onecznych stanowi\u0105 panele na bazie krzemu. Co dzieje si\u0119, gdy zako\u0144czy si\u0119 ich cykl \u017cyciowy?","og_url":"https:\/\/solarity.eu\/pl\/blog\/jak-wyglada-sytuacja-w-zakresie-recyklingu-paneli-slonecznych-na-bazie-krzemu\/","og_site_name":"Solarity","article_publisher":"https:\/\/www.facebook.com\/solaritycz\/","article_published_time":"2020-09-11T09:56:11+00:00","article_modified_time":"2022-06-09T08:48:47+00:00","og_image":[{"width":770,"height":500,"url":"https:\/\/solarity.eu\/wp-content\/uploads\/2020\/09\/second-life-photo_1-1.jpg","type":"image\/jpeg"}],"author":"vaclav","twitter_card":"summary_large_image","twitter_misc":{"Napisane przez":"vaclav","Szacowany czas czytania":"5 minut"},"schema":{"@context":"https:\/\/schema.org","@graph":[{"@type":"Article","@id":"https:\/\/solarity.eu\/pl\/blog\/jak-wyglada-sytuacja-w-zakresie-recyklingu-paneli-slonecznych-na-bazie-krzemu\/#article","isPartOf":{"@id":"https:\/\/solarity.eu\/pl\/blog\/jak-wyglada-sytuacja-w-zakresie-recyklingu-paneli-slonecznych-na-bazie-krzemu\/"},"author":{"name":"vaclav","@id":"https:\/\/solarity.eu\/pl\/#\/schema\/person\/26227507ab7c74436d05b3e3460345bb"},"headline":"Jak wygl\u0105da sytuacja w zakresie recyklingu paneli s\u0142onecznych na bazie krzemu?","datePublished":"2020-09-11T09:56:11+00:00","dateModified":"2022-06-09T08:48:47+00:00","mainEntityOfPage":{"@id":"https:\/\/solarity.eu\/pl\/blog\/jak-wyglada-sytuacja-w-zakresie-recyklingu-paneli-slonecznych-na-bazie-krzemu\/"},"wordCount":730,"publisher":{"@id":"https:\/\/solarity.eu\/pl\/#organization"},"image":{"@id":"https:\/\/solarity.eu\/pl\/blog\/jak-wyglada-sytuacja-w-zakresie-recyklingu-paneli-slonecznych-na-bazie-krzemu\/#primaryimage"},"thumbnailUrl":"https:\/\/solarity.eu\/wp-content\/uploads\/2020\/09\/second-life-photo_1-1.jpg","articleSection":["Artyku\u0142y techniczne","blog","News_"],"inLanguage":"pl-PL"},{"@type":"WebPage","@id":"https:\/\/solarity.eu\/pl\/blog\/jak-wyglada-sytuacja-w-zakresie-recyklingu-paneli-slonecznych-na-bazie-krzemu\/","url":"https:\/\/solarity.eu\/pl\/blog\/jak-wyglada-sytuacja-w-zakresie-recyklingu-paneli-slonecznych-na-bazie-krzemu\/","name":"Sytuacja w zakresie recyklingu paneli s\u0142onecznych na bazie krzemu | Solarity","isPartOf":{"@id":"https:\/\/solarity.eu\/pl\/#website"},"primaryImageOfPage":{"@id":"https:\/\/solarity.eu\/pl\/blog\/jak-wyglada-sytuacja-w-zakresie-recyklingu-paneli-slonecznych-na-bazie-krzemu\/#primaryimage"},"image":{"@id":"https:\/\/solarity.eu\/pl\/blog\/jak-wyglada-sytuacja-w-zakresie-recyklingu-paneli-slonecznych-na-bazie-krzemu\/#primaryimage"},"thumbnailUrl":"https:\/\/solarity.eu\/wp-content\/uploads\/2020\/09\/second-life-photo_1-1.jpg","datePublished":"2020-09-11T09:56:11+00:00","dateModified":"2022-06-09T08:48:47+00:00","description":"90% zainstalowanych modu\u0142\u00f3w s\u0142onecznych stanowi\u0105 panele na bazie krzemu. Co dzieje si\u0119, gdy zako\u0144czy si\u0119 ich cykl \u017cyciowy?","breadcrumb":{"@id":"https:\/\/solarity.eu\/pl\/blog\/jak-wyglada-sytuacja-w-zakresie-recyklingu-paneli-slonecznych-na-bazie-krzemu\/#breadcrumb"},"inLanguage":"pl-PL","potentialAction":[{"@type":"ReadAction","target":["https:\/\/solarity.eu\/pl\/blog\/jak-wyglada-sytuacja-w-zakresie-recyklingu-paneli-slonecznych-na-bazie-krzemu\/"]}]},{"@type":"ImageObject","inLanguage":"pl-PL","@id":"https:\/\/solarity.eu\/pl\/blog\/jak-wyglada-sytuacja-w-zakresie-recyklingu-paneli-slonecznych-na-bazie-krzemu\/#primaryimage","url":"https:\/\/solarity.eu\/wp-content\/uploads\/2020\/09\/second-life-photo_1-1.jpg","contentUrl":"https:\/\/solarity.eu\/wp-content\/uploads\/2020\/09\/second-life-photo_1-1.jpg","width":770,"height":500},{"@type":"BreadcrumbList","@id":"https:\/\/solarity.eu\/pl\/blog\/jak-wyglada-sytuacja-w-zakresie-recyklingu-paneli-slonecznych-na-bazie-krzemu\/#breadcrumb","itemListElement":[{"@type":"ListItem","position":1,"name":"Home","item":"https:\/\/solarity.eu\/pl\/homepage\/"},{"@type":"ListItem","position":2,"name":"Jak wygl\u0105da sytuacja w zakresie recyklingu paneli s\u0142onecznych na bazie krzemu?"}]},{"@type":"WebSite","@id":"https:\/\/solarity.eu\/pl\/#website","url":"https:\/\/solarity.eu\/pl\/","name":"Solarity","description":"Distributor and wholesaler of photovoltaic systems","publisher":{"@id":"https:\/\/solarity.eu\/pl\/#organization"},"potentialAction":[{"@type":"SearchAction","target":{"@type":"EntryPoint","urlTemplate":"https:\/\/solarity.eu\/pl\/?s={search_term_string}"},"query-input":{"@type":"PropertyValueSpecification","valueRequired":true,"valueName":"search_term_string"}}],"inLanguage":"pl-PL"},{"@type":"Organization","@id":"https:\/\/solarity.eu\/pl\/#organization","name":"Solarity","url":"https:\/\/solarity.eu\/pl\/","logo":{"@type":"ImageObject","inLanguage":"pl-PL","@id":"https:\/\/solarity.eu\/pl\/#\/schema\/logo\/image\/","url":"https:\/\/solarity.eu\/wp-content\/uploads\/2020\/08\/Solarity_Logo_new.jpg","contentUrl":"https:\/\/solarity.eu\/wp-content\/uploads\/2020\/08\/Solarity_Logo_new.jpg","width":364,"height":59,"caption":"Solarity"},"image":{"@id":"https:\/\/solarity.eu\/pl\/#\/schema\/logo\/image\/"},"sameAs":["https:\/\/www.facebook.com\/solaritycz\/"]},{"@type":"Person","@id":"https:\/\/solarity.eu\/pl\/#\/schema\/person\/26227507ab7c74436d05b3e3460345bb","name":"vaclav","image":{"@type":"ImageObject","inLanguage":"pl-PL","@id":"https:\/\/solarity.eu\/pl\/#\/schema\/person\/image\/","url":"https:\/\/secure.gravatar.com\/avatar\/fd784bc562120f53d98d327be996ebed77e28c70d9efd44a12f71eed9d9e3579?s=96&d=mm&r=g","contentUrl":"https:\/\/secure.gravatar.com\/avatar\/fd784bc562120f53d98d327be996ebed77e28c70d9efd44a12f71eed9d9e3579?s=96&d=mm&r=g","caption":"vaclav"},"url":"https:\/\/solarity.eu\/pl\/blog\/author\/vaclav\/"}]}},"_links":{"self":[{"href":"https:\/\/solarity.eu\/pl\/wp-json\/wp\/v2\/posts\/38530","targetHints":{"allow":["GET"]}}],"collection":[{"href":"https:\/\/solarity.eu\/pl\/wp-json\/wp\/v2\/posts"}],"about":[{"href":"https:\/\/solarity.eu\/pl\/wp-json\/wp\/v2\/types\/post"}],"author":[{"embeddable":true,"href":"https:\/\/solarity.eu\/pl\/wp-json\/wp\/v2\/users\/30"}],"replies":[{"embeddable":true,"href":"https:\/\/solarity.eu\/pl\/wp-json\/wp\/v2\/comments?post=38530"}],"version-history":[{"count":0,"href":"https:\/\/solarity.eu\/pl\/wp-json\/wp\/v2\/posts\/38530\/revisions"}],"wp:featuredmedia":[{"embeddable":true,"href":"https:\/\/solarity.eu\/pl\/wp-json\/wp\/v2\/media\/31712"}],"wp:attachment":[{"href":"https:\/\/solarity.eu\/pl\/wp-json\/wp\/v2\/media?parent=38530"}],"wp:term":[{"taxonomy":"category","embeddable":true,"href":"https:\/\/solarity.eu\/pl\/wp-json\/wp\/v2\/categories?post=38530"},{"taxonomy":"post_tag","embeddable":true,"href":"https:\/\/solarity.eu\/pl\/wp-json\/wp\/v2\/tags?post=38530"}],"curies":[{"name":"wp","href":"https:\/\/api.w.org\/{rel}","templated":true}]}}