{"id":38534,"date":"2020-12-03T15:15:25","date_gmt":"2020-12-03T15:15:25","guid":{"rendered":"https:\/\/solarity.pl\/?p=18405"},"modified":"2022-06-09T08:48:36","modified_gmt":"2022-06-09T08:48:36","slug":"organizacja-pracy-w-okresie-swiatecznym","status":"publish","type":"post","link":"https:\/\/solarity.eu\/pl\/blog\/organizacja-pracy-w-okresie-swiatecznym\/","title":{"rendered":"Organizacja pracy w okresie \u015bwi\u0105tecznym"},"content":{"rendered":"\t\t<div data-elementor-type=\"wp-post\" data-elementor-id=\"38534\" class=\"elementor elementor-38534 elementor-22184\" data-elementor-post-type=\"post\">\n\t\t\t\t\t\t<section class=\"elementor-section elementor-top-section elementor-element elementor-element-58b2f1a9 elementor-section-boxed elementor-section-height-default elementor-section-height-default parallax_section_no qode_elementor_container_no\" data-id=\"58b2f1a9\" data-element_type=\"section\">\n\t\t\t\t\t\t<div class=\"elementor-container elementor-column-gap-default\">\n\t\t\t\t\t<div class=\"elementor-column elementor-col-100 elementor-top-column elementor-element elementor-element-61daa1db\" data-id=\"61daa1db\" data-element_type=\"column\">\n\t\t\t<div class=\"elementor-widget-wrap elementor-element-populated\">\n\t\t\t\t\t\t<div class=\"elementor-element elementor-element-579aab16 elementor-widget elementor-widget-theme-post-title elementor-page-title elementor-widget-heading\" data-id=\"579aab16\" data-element_type=\"widget\" data-widget_type=\"theme-post-title.default\">\n\t\t\t\t<div class=\"elementor-widget-container\">\n\t\t\t\t\t<h1 class=\"elementor-heading-title elementor-size-default\">Organizacja pracy w okresie \u015bwi\u0105tecznym<\/h1>\t\t\t\t<\/div>\n\t\t\t\t<\/div>\n\t\t\t\t\t<\/div>\n\t\t<\/div>\n\t\t\t\t\t<\/div>\n\t\t<\/section>\n\t\t\t\t<section class=\"elementor-section elementor-top-section elementor-element elementor-element-1c08d8d0 elementor-section-boxed elementor-section-height-default elementor-section-height-default parallax_section_no qode_elementor_container_no\" data-id=\"1c08d8d0\" data-element_type=\"section\">\n\t\t\t\t\t\t<div class=\"elementor-container elementor-column-gap-default\">\n\t\t\t\t\t<div class=\"elementor-column elementor-col-100 elementor-top-column elementor-element elementor-element-7c256083\" data-id=\"7c256083\" data-element_type=\"column\">\n\t\t\t<div class=\"elementor-widget-wrap elementor-element-populated\">\n\t\t\t\t\t\t<div class=\"elementor-element elementor-element-1282df elementor-widget elementor-widget-text-editor\" data-id=\"1282df\" data-element_type=\"widget\" data-widget_type=\"text-editor.default\">\n\t\t\t\t<div class=\"elementor-widget-container\">\n\t\t\t\t\t\t\t\t\t<p>Ten rok powoli si\u0119 ko\u0144czy, wi\u0119c chcieliby\u015bmy podzieli\u0107 si\u0119 z Pa\u0144stwem naszymi godzinami pracy w nadchodz\u0105cym okresie \u015bwi\u0105tecznym.<\/p>\t\t\t\t\t\t\t\t<\/div>\n\t\t\t\t<\/div>\n\t\t\t\t<div class=\"elementor-element elementor-element-3a861771 elementor-widget elementor-widget-read-more\" data-id=\"3a861771\" data-element_type=\"widget\" data-widget_type=\"read-more.default\">\n\t\t\t\t<div class=\"elementor-widget-container\">\n\t\t\t\t\t<\/div><\/div><\/div><\/div><\/div><\/section><\/div> <a href=\"https:\/\/solarity.eu\/pl\/blog\/organizacja-pracy-w-okresie-swiatecznym\/#more-38534\" class=\"more-link elementor-more-link\"><span aria-label=\"Czytaj dalej Organizacja pracy w okresie \u015bwi\u0105tecznym\">Continue reading<\/span><\/a>","protected":false},"excerpt":{"rendered":"<p>Ten rok powoli si\u0119 ko\u0144czy, wi\u0119c chcieliby\u015bmy podzieli\u0107 si\u0119 z Pa\u0144stwem naszymi godzinami pracy w nadchodz\u0105cym okresie \u015bwi\u0105tecznym.<\/p>\n","protected":false},"author":30,"featured_media":32062,"comment_status":"closed","ping_status":"closed","sticky":false,"template":"","format":"standard","meta":{"footnotes":""},"categories":[1649,1652],"tags":[],"class_list":["post-38534","post","type-post","status-publish","format-standard","has-post-thumbnail","hentry","category-blog","category-solarity"],"yoast_head":"<!-- This site is optimized with the Yoast SEO Premium plugin v25.6 (Yoast SEO v25.6) - https:\/\/yoast.com\/wordpress\/plugins\/seo\/ -->\n<title>Organizacja pracy w okresie \u015bwi\u0105tecznym | Solarity<\/title>\n<meta name=\"description\" content=\"W zwi\u0105zku z wdro\u017ceniem w Solarity nowego systemu ERP, nasza praca b\u0119dzie ograniczona na prze\u0142omie grudnia i stycznia.\" \/>\n<meta name=\"robots\" content=\"index, follow, max-snippet:-1, max-image-preview:large, max-video-preview:-1\" \/>\n<link rel=\"canonical\" href=\"https:\/\/solarity.eu\/pl\/blog\/organizacja-pracy-w-okresie-swiatecznym\/\" \/>\n<meta property=\"og:locale\" content=\"pl_PL\" \/>\n<meta property=\"og:type\" content=\"article\" \/>\n<meta property=\"og:title\" content=\"Organizacja pracy w okresie \u015bwi\u0105tecznym\" \/>\n<meta property=\"og:description\" content=\"W zwi\u0105zku z wdro\u017ceniem w Solarity nowego systemu ERP, nasza praca b\u0119dzie ograniczona na prze\u0142omie grudnia i stycznia.\" \/>\n<meta property=\"og:url\" content=\"https:\/\/solarity.eu\/pl\/blog\/organizacja-pracy-w-okresie-swiatecznym\/\" \/>\n<meta property=\"og:site_name\" content=\"Solarity\" \/>\n<meta property=\"article:publisher\" content=\"https:\/\/www.facebook.com\/solaritycz\/\" \/>\n<meta property=\"article:published_time\" content=\"2020-12-03T15:15:25+00:00\" \/>\n<meta property=\"article:modified_time\" content=\"2022-06-09T08:48:36+00:00\" \/>\n<meta property=\"og:image\" content=\"https:\/\/solarity.eu\/wp-content\/uploads\/2020\/12\/EN_-_Holiday_break.jpg\" \/>\n\t<meta property=\"og:image:width\" content=\"1200\" \/>\n\t<meta property=\"og:image:height\" content=\"628\" \/>\n\t<meta property=\"og:image:type\" content=\"image\/jpeg\" \/>\n<meta name=\"author\" content=\"vaclav\" \/>\n<meta name=\"twitter:card\" content=\"summary_large_image\" \/>\n<meta name=\"twitter:label1\" content=\"Napisane przez\" \/>\n\t<meta name=\"twitter:data1\" content=\"vaclav\" \/>\n\t<meta name=\"twitter:label2\" content=\"Szacowany czas czytania\" \/>\n\t<meta name=\"twitter:data2\" content=\"1 minuta\" \/>\n<script type=\"application\/ld+json\" class=\"yoast-schema-graph\">{\"@context\":\"https:\/\/schema.org\",\"@graph\":[{\"@type\":\"Article\",\"@id\":\"https:\/\/solarity.eu\/pl\/blog\/organizacja-pracy-w-okresie-swiatecznym\/#article\",\"isPartOf\":{\"@id\":\"https:\/\/solarity.eu\/pl\/blog\/organizacja-pracy-w-okresie-swiatecznym\/\"},\"author\":{\"name\":\"vaclav\",\"@id\":\"https:\/\/solarity.eu\/pl\/#\/schema\/person\/26227507ab7c74436d05b3e3460345bb\"},\"headline\":\"Organizacja pracy w okresie \u015bwi\u0105tecznym\",\"datePublished\":\"2020-12-03T15:15:25+00:00\",\"dateModified\":\"2022-06-09T08:48:36+00:00\",\"mainEntityOfPage\":{\"@id\":\"https:\/\/solarity.eu\/pl\/blog\/organizacja-pracy-w-okresie-swiatecznym\/\"},\"wordCount\":169,\"publisher\":{\"@id\":\"https:\/\/solarity.eu\/pl\/#organization\"},\"image\":{\"@id\":\"https:\/\/solarity.eu\/pl\/blog\/organizacja-pracy-w-okresie-swiatecznym\/#primaryimage\"},\"thumbnailUrl\":\"https:\/\/solarity.eu\/wp-content\/uploads\/2020\/12\/EN_-_Holiday_break.jpg\",\"articleSection\":[\"blog\",\"Wiadomo\u015bci o Solarity\"],\"inLanguage\":\"pl-PL\"},{\"@type\":\"WebPage\",\"@id\":\"https:\/\/solarity.eu\/pl\/blog\/organizacja-pracy-w-okresie-swiatecznym\/\",\"url\":\"https:\/\/solarity.eu\/pl\/blog\/organizacja-pracy-w-okresie-swiatecznym\/\",\"name\":\"Organizacja pracy w okresie \u015bwi\u0105tecznym | Solarity\",\"isPartOf\":{\"@id\":\"https:\/\/solarity.eu\/pl\/#website\"},\"primaryImageOfPage\":{\"@id\":\"https:\/\/solarity.eu\/pl\/blog\/organizacja-pracy-w-okresie-swiatecznym\/#primaryimage\"},\"image\":{\"@id\":\"https:\/\/solarity.eu\/pl\/blog\/organizacja-pracy-w-okresie-swiatecznym\/#primaryimage\"},\"thumbnailUrl\":\"https:\/\/solarity.eu\/wp-content\/uploads\/2020\/12\/EN_-_Holiday_break.jpg\",\"datePublished\":\"2020-12-03T15:15:25+00:00\",\"dateModified\":\"2022-06-09T08:48:36+00:00\",\"description\":\"W zwi\u0105zku z wdro\u017ceniem w Solarity nowego systemu ERP, nasza praca b\u0119dzie ograniczona na prze\u0142omie grudnia i stycznia.\",\"breadcrumb\":{\"@id\":\"https:\/\/solarity.eu\/pl\/blog\/organizacja-pracy-w-okresie-swiatecznym\/#breadcrumb\"},\"inLanguage\":\"pl-PL\",\"potentialAction\":[{\"@type\":\"ReadAction\",\"target\":[\"https:\/\/solarity.eu\/pl\/blog\/organizacja-pracy-w-okresie-swiatecznym\/\"]}]},{\"@type\":\"ImageObject\",\"inLanguage\":\"pl-PL\",\"@id\":\"https:\/\/solarity.eu\/pl\/blog\/organizacja-pracy-w-okresie-swiatecznym\/#primaryimage\",\"url\":\"https:\/\/solarity.eu\/wp-content\/uploads\/2020\/12\/EN_-_Holiday_break.jpg\",\"contentUrl\":\"https:\/\/solarity.eu\/wp-content\/uploads\/2020\/12\/EN_-_Holiday_break.jpg\",\"width\":1200,\"height\":628},{\"@type\":\"BreadcrumbList\",\"@id\":\"https:\/\/solarity.eu\/pl\/blog\/organizacja-pracy-w-okresie-swiatecznym\/#breadcrumb\",\"itemListElement\":[{\"@type\":\"ListItem\",\"position\":1,\"name\":\"Home\",\"item\":\"https:\/\/solarity.eu\/pl\/homepage\/\"},{\"@type\":\"ListItem\",\"position\":2,\"name\":\"Organizacja pracy w okresie \u015bwi\u0105tecznym\"}]},{\"@type\":\"WebSite\",\"@id\":\"https:\/\/solarity.eu\/pl\/#website\",\"url\":\"https:\/\/solarity.eu\/pl\/\",\"name\":\"Solarity\",\"description\":\"Distributor and wholesaler of photovoltaic systems\",\"publisher\":{\"@id\":\"https:\/\/solarity.eu\/pl\/#organization\"},\"potentialAction\":[{\"@type\":\"SearchAction\",\"target\":{\"@type\":\"EntryPoint\",\"urlTemplate\":\"https:\/\/solarity.eu\/pl\/?s={search_term_string}\"},\"query-input\":{\"@type\":\"PropertyValueSpecification\",\"valueRequired\":true,\"valueName\":\"search_term_string\"}}],\"inLanguage\":\"pl-PL\"},{\"@type\":\"Organization\",\"@id\":\"https:\/\/solarity.eu\/pl\/#organization\",\"name\":\"Solarity\",\"url\":\"https:\/\/solarity.eu\/pl\/\",\"logo\":{\"@type\":\"ImageObject\",\"inLanguage\":\"pl-PL\",\"@id\":\"https:\/\/solarity.eu\/pl\/#\/schema\/logo\/image\/\",\"url\":\"https:\/\/solarity.eu\/wp-content\/uploads\/2020\/08\/Solarity_Logo_new.jpg\",\"contentUrl\":\"https:\/\/solarity.eu\/wp-content\/uploads\/2020\/08\/Solarity_Logo_new.jpg\",\"width\":364,\"height\":59,\"caption\":\"Solarity\"},\"image\":{\"@id\":\"https:\/\/solarity.eu\/pl\/#\/schema\/logo\/image\/\"},\"sameAs\":[\"https:\/\/www.facebook.com\/solaritycz\/\"]},{\"@type\":\"Person\",\"@id\":\"https:\/\/solarity.eu\/pl\/#\/schema\/person\/26227507ab7c74436d05b3e3460345bb\",\"name\":\"vaclav\",\"image\":{\"@type\":\"ImageObject\",\"inLanguage\":\"pl-PL\",\"@id\":\"https:\/\/solarity.eu\/pl\/#\/schema\/person\/image\/\",\"url\":\"https:\/\/secure.gravatar.com\/avatar\/fd784bc562120f53d98d327be996ebed77e28c70d9efd44a12f71eed9d9e3579?s=96&d=mm&r=g\",\"contentUrl\":\"https:\/\/secure.gravatar.com\/avatar\/fd784bc562120f53d98d327be996ebed77e28c70d9efd44a12f71eed9d9e3579?s=96&d=mm&r=g\",\"caption\":\"vaclav\"},\"url\":\"https:\/\/solarity.eu\/pl\/blog\/author\/vaclav\/\"}]}<\/script>\n<!-- \/ Yoast SEO Premium plugin. -->","yoast_head_json":{"title":"Organizacja pracy w okresie \u015bwi\u0105tecznym | Solarity","description":"W zwi\u0105zku z wdro\u017ceniem w Solarity nowego systemu ERP, nasza praca b\u0119dzie ograniczona na prze\u0142omie grudnia i stycznia.","robots":{"index":"index","follow":"follow","max-snippet":"max-snippet:-1","max-image-preview":"max-image-preview:large","max-video-preview":"max-video-preview:-1"},"canonical":"https:\/\/solarity.eu\/pl\/blog\/organizacja-pracy-w-okresie-swiatecznym\/","og_locale":"pl_PL","og_type":"article","og_title":"Organizacja pracy w okresie \u015bwi\u0105tecznym","og_description":"W zwi\u0105zku z wdro\u017ceniem w Solarity nowego systemu ERP, nasza praca b\u0119dzie ograniczona na prze\u0142omie grudnia i stycznia.","og_url":"https:\/\/solarity.eu\/pl\/blog\/organizacja-pracy-w-okresie-swiatecznym\/","og_site_name":"Solarity","article_publisher":"https:\/\/www.facebook.com\/solaritycz\/","article_published_time":"2020-12-03T15:15:25+00:00","article_modified_time":"2022-06-09T08:48:36+00:00","og_image":[{"width":1200,"height":628,"url":"https:\/\/solarity.eu\/wp-content\/uploads\/2020\/12\/EN_-_Holiday_break.jpg","type":"image\/jpeg"}],"author":"vaclav","twitter_card":"summary_large_image","twitter_misc":{"Napisane przez":"vaclav","Szacowany czas czytania":"1 minuta"},"schema":{"@context":"https:\/\/schema.org","@graph":[{"@type":"Article","@id":"https:\/\/solarity.eu\/pl\/blog\/organizacja-pracy-w-okresie-swiatecznym\/#article","isPartOf":{"@id":"https:\/\/solarity.eu\/pl\/blog\/organizacja-pracy-w-okresie-swiatecznym\/"},"author":{"name":"vaclav","@id":"https:\/\/solarity.eu\/pl\/#\/schema\/person\/26227507ab7c74436d05b3e3460345bb"},"headline":"Organizacja pracy w okresie \u015bwi\u0105tecznym","datePublished":"2020-12-03T15:15:25+00:00","dateModified":"2022-06-09T08:48:36+00:00","mainEntityOfPage":{"@id":"https:\/\/solarity.eu\/pl\/blog\/organizacja-pracy-w-okresie-swiatecznym\/"},"wordCount":169,"publisher":{"@id":"https:\/\/solarity.eu\/pl\/#organization"},"image":{"@id":"https:\/\/solarity.eu\/pl\/blog\/organizacja-pracy-w-okresie-swiatecznym\/#primaryimage"},"thumbnailUrl":"https:\/\/solarity.eu\/wp-content\/uploads\/2020\/12\/EN_-_Holiday_break.jpg","articleSection":["blog","Wiadomo\u015bci o Solarity"],"inLanguage":"pl-PL"},{"@type":"WebPage","@id":"https:\/\/solarity.eu\/pl\/blog\/organizacja-pracy-w-okresie-swiatecznym\/","url":"https:\/\/solarity.eu\/pl\/blog\/organizacja-pracy-w-okresie-swiatecznym\/","name":"Organizacja pracy w okresie \u015bwi\u0105tecznym | Solarity","isPartOf":{"@id":"https:\/\/solarity.eu\/pl\/#website"},"primaryImageOfPage":{"@id":"https:\/\/solarity.eu\/pl\/blog\/organizacja-pracy-w-okresie-swiatecznym\/#primaryimage"},"image":{"@id":"https:\/\/solarity.eu\/pl\/blog\/organizacja-pracy-w-okresie-swiatecznym\/#primaryimage"},"thumbnailUrl":"https:\/\/solarity.eu\/wp-content\/uploads\/2020\/12\/EN_-_Holiday_break.jpg","datePublished":"2020-12-03T15:15:25+00:00","dateModified":"2022-06-09T08:48:36+00:00","description":"W zwi\u0105zku z wdro\u017ceniem w Solarity nowego systemu ERP, nasza praca b\u0119dzie ograniczona na prze\u0142omie grudnia i stycznia.","breadcrumb":{"@id":"https:\/\/solarity.eu\/pl\/blog\/organizacja-pracy-w-okresie-swiatecznym\/#breadcrumb"},"inLanguage":"pl-PL","potentialAction":[{"@type":"ReadAction","target":["https:\/\/solarity.eu\/pl\/blog\/organizacja-pracy-w-okresie-swiatecznym\/"]}]},{"@type":"ImageObject","inLanguage":"pl-PL","@id":"https:\/\/solarity.eu\/pl\/blog\/organizacja-pracy-w-okresie-swiatecznym\/#primaryimage","url":"https:\/\/solarity.eu\/wp-content\/uploads\/2020\/12\/EN_-_Holiday_break.jpg","contentUrl":"https:\/\/solarity.eu\/wp-content\/uploads\/2020\/12\/EN_-_Holiday_break.jpg","width":1200,"height":628},{"@type":"BreadcrumbList","@id":"https:\/\/solarity.eu\/pl\/blog\/organizacja-pracy-w-okresie-swiatecznym\/#breadcrumb","itemListElement":[{"@type":"ListItem","position":1,"name":"Home","item":"https:\/\/solarity.eu\/pl\/homepage\/"},{"@type":"ListItem","position":2,"name":"Organizacja pracy w okresie \u015bwi\u0105tecznym"}]},{"@type":"WebSite","@id":"https:\/\/solarity.eu\/pl\/#website","url":"https:\/\/solarity.eu\/pl\/","name":"Solarity","description":"Distributor and wholesaler of photovoltaic systems","publisher":{"@id":"https:\/\/solarity.eu\/pl\/#organization"},"potentialAction":[{"@type":"SearchAction","target":{"@type":"EntryPoint","urlTemplate":"https:\/\/solarity.eu\/pl\/?s={search_term_string}"},"query-input":{"@type":"PropertyValueSpecification","valueRequired":true,"valueName":"search_term_string"}}],"inLanguage":"pl-PL"},{"@type":"Organization","@id":"https:\/\/solarity.eu\/pl\/#organization","name":"Solarity","url":"https:\/\/solarity.eu\/pl\/","logo":{"@type":"ImageObject","inLanguage":"pl-PL","@id":"https:\/\/solarity.eu\/pl\/#\/schema\/logo\/image\/","url":"https:\/\/solarity.eu\/wp-content\/uploads\/2020\/08\/Solarity_Logo_new.jpg","contentUrl":"https:\/\/solarity.eu\/wp-content\/uploads\/2020\/08\/Solarity_Logo_new.jpg","width":364,"height":59,"caption":"Solarity"},"image":{"@id":"https:\/\/solarity.eu\/pl\/#\/schema\/logo\/image\/"},"sameAs":["https:\/\/www.facebook.com\/solaritycz\/"]},{"@type":"Person","@id":"https:\/\/solarity.eu\/pl\/#\/schema\/person\/26227507ab7c74436d05b3e3460345bb","name":"vaclav","image":{"@type":"ImageObject","inLanguage":"pl-PL","@id":"https:\/\/solarity.eu\/pl\/#\/schema\/person\/image\/","url":"https:\/\/secure.gravatar.com\/avatar\/fd784bc562120f53d98d327be996ebed77e28c70d9efd44a12f71eed9d9e3579?s=96&d=mm&r=g","contentUrl":"https:\/\/secure.gravatar.com\/avatar\/fd784bc562120f53d98d327be996ebed77e28c70d9efd44a12f71eed9d9e3579?s=96&d=mm&r=g","caption":"vaclav"},"url":"https:\/\/solarity.eu\/pl\/blog\/author\/vaclav\/"}]}},"_links":{"self":[{"href":"https:\/\/solarity.eu\/pl\/wp-json\/wp\/v2\/posts\/38534","targetHints":{"allow":["GET"]}}],"collection":[{"href":"https:\/\/solarity.eu\/pl\/wp-json\/wp\/v2\/posts"}],"about":[{"href":"https:\/\/solarity.eu\/pl\/wp-json\/wp\/v2\/types\/post"}],"author":[{"embeddable":true,"href":"https:\/\/solarity.eu\/pl\/wp-json\/wp\/v2\/users\/30"}],"replies":[{"embeddable":true,"href":"https:\/\/solarity.eu\/pl\/wp-json\/wp\/v2\/comments?post=38534"}],"version-history":[{"count":0,"href":"https:\/\/solarity.eu\/pl\/wp-json\/wp\/v2\/posts\/38534\/revisions"}],"wp:featuredmedia":[{"embeddable":true,"href":"https:\/\/solarity.eu\/pl\/wp-json\/wp\/v2\/media\/32062"}],"wp:attachment":[{"href":"https:\/\/solarity.eu\/pl\/wp-json\/wp\/v2\/media?parent=38534"}],"wp:term":[{"taxonomy":"category","embeddable":true,"href":"https:\/\/solarity.eu\/pl\/wp-json\/wp\/v2\/categories?post=38534"},{"taxonomy":"post_tag","embeddable":true,"href":"https:\/\/solarity.eu\/pl\/wp-json\/wp\/v2\/tags?post=38534"}],"curies":[{"name":"wp","href":"https:\/\/api.w.org\/{rel}","templated":true}]}}